{"id":48319,"date":"2025-04-19T08:45:21","date_gmt":"2025-04-19T08:45:21","guid":{"rendered":"https:\/\/247stiri.ro\/index.php\/2025\/04\/19\/deportarile-imigrantilor-venezueleni-oprite-temporar-de-curtea-suprema-din-sua-in-temeiul-unei-legi-aplicabile-pe-timp-de-razboi\/"},"modified":"2025-04-19T08:45:21","modified_gmt":"2025-04-19T08:45:21","slug":"deportarile-imigrantilor-venezueleni-oprite-temporar-de-curtea-suprema-din-sua-in-temeiul-unei-legi-aplicabile-pe-timp-de-razboi","status":"publish","type":"post","link":"https:\/\/247stiri.ro\/index.php\/2025\/04\/19\/deportarile-imigrantilor-venezueleni-oprite-temporar-de-curtea-suprema-din-sua-in-temeiul-unei-legi-aplicabile-pe-timp-de-razboi\/","title":{"rendered":"Deport\u0103rile imigran\u0163ilor venezueleni, oprite temporar de Curtea Suprem\u0103 din SUA, \u00een temeiul unei legi aplicabile pe timp de r\u0103zboi"},"content":{"rendered":"<p>\u201eGuvernul este \u00eendrumat s\u0103 nu expulzeze niciun membru al clasei presupuse de de\u0163inu\u0163i din Statele Unite p\u00e2n\u0103 la un nou ordin al acestei Cur\u0163i\u201d, au declarat judec\u0103torii Cur\u0163ii Supreme \u00eentr-o decizie scurt\u0103, nesemnat\u0103.<\/p>\n<p>Judec\u0103torii conservatori Clarence Thomas \u015fi Samuel Alito \u015fi-au exprimat public dezacordul fa\u0163\u0103 de decizie, emis\u0103 \u00een jurul orei\u00a0 locale 12:55 a.m. (07.55 ora Rom\u00e2niei).<\/p>\n<p>Avoca\u0163ii Uniunii Americane pentru Libert\u0103\u0163i Civile (ACLU) au depus vineri cereri urgente \u00een mai multe instan\u0163e, inclusiv la Curtea Suprem\u0103, solicit\u00e2nd m\u0103suri imediate dup\u0103 ce au raportat c\u0103 unii dintre b\u0103rba\u0163i fuseser\u0103 deja urca\u0163i \u00een autobuze \u015fi li se spusese c\u0103 urmeaz\u0103 s\u0103 fie deporta\u0163i.<\/p>\n<p>ACLU a declarat c\u0103 evolu\u0163iile rapide \u00eenseamn\u0103 c\u0103 administra\u0163ia este preg\u0103tit\u0103 s\u0103 deporteze b\u0103rba\u0163ii folosind o lege din 1798 care, istoric, a fost utilizat\u0103 doar \u00een timp de r\u0103zboi, f\u0103r\u0103 a le oferi o oportunitate realist\u0103 de a contesta expulzarea lor &#8211; a\u015fa cum a cerut Curtea Suprem\u0103.<\/p>","protected":false},"excerpt":{"rendered":"<p>\u201eGuvernul este \u00eendrumat s\u0103 nu expulzeze niciun membru al clasei presupuse de de\u0163inu\u0163i din Statele&hellip;<\/p>\n","protected":false},"author":0,"featured_media":48306,"comment_status":"open","ping_status":"open","sticky":false,"template":"","format":"standard","meta":{"footnotes":""},"categories":[2],"tags":[],"class_list":["post-48319","post","type-post","status-publish","format-standard","has-post-thumbnail","hentry","category-actual"],"_links":{"self":[{"href":"https:\/\/247stiri.ro\/index.php\/wp-json\/wp\/v2\/posts\/48319","targetHints":{"allow":["GET"]}}],"collection":[{"href":"https:\/\/247stiri.ro\/index.php\/wp-json\/wp\/v2\/posts"}],"about":[{"href":"https:\/\/247stiri.ro\/index.php\/wp-json\/wp\/v2\/types\/post"}],"replies":[{"embeddable":true,"href":"https:\/\/247stiri.ro\/index.php\/wp-json\/wp\/v2\/comments?post=48319"}],"version-history":[{"count":0,"href":"https:\/\/247stiri.ro\/index.php\/wp-json\/wp\/v2\/posts\/48319\/revisions"}],"wp:featuredmedia":[{"embeddable":true,"href":"https:\/\/247stiri.ro\/index.php\/wp-json\/wp\/v2\/media\/48306"}],"wp:attachment":[{"href":"https:\/\/247stiri.ro\/index.php\/wp-json\/wp\/v2\/media?parent=48319"}],"wp:term":[{"taxonomy":"category","embeddable":true,"href":"https:\/\/247stiri.ro\/index.php\/wp-json\/wp\/v2\/categories?post=48319"},{"taxonomy":"post_tag","embeddable":true,"href":"https:\/\/247stiri.ro\/index.php\/wp-json\/wp\/v2\/tags?post=48319"}],"curies":[{"name":"wp","href":"https:\/\/api.w.org\/{rel}","templated":true}]}}