{"id":48326,"date":"2025-04-19T09:44:49","date_gmt":"2025-04-19T09:44:49","guid":{"rendered":"https:\/\/247stiri.ro\/index.php\/2025\/04\/19\/cand-va-ajunge-lumina-sfanta-de-la-ierusalim-in-romania-ora-la-care-reprezentantii-eparhiilor-din-tara-o-vor-putea-lua\/"},"modified":"2025-04-19T09:44:49","modified_gmt":"2025-04-19T09:44:49","slug":"cand-va-ajunge-lumina-sfanta-de-la-ierusalim-in-romania-ora-la-care-reprezentantii-eparhiilor-din-tara-o-vor-putea-lua","status":"publish","type":"post","link":"https:\/\/247stiri.ro\/index.php\/2025\/04\/19\/cand-va-ajunge-lumina-sfanta-de-la-ierusalim-in-romania-ora-la-care-reprezentantii-eparhiilor-din-tara-o-vor-putea-lua\/","title":{"rendered":"C\u00e2nd va ajunge Lumina Sf\u00e2nt\u0103 de la Ierusalim \u00een Rom\u00e2nia. Ora la care reprezentan\u021bii eparhiilor din \u021bar\u0103 o vor putea lua"},"content":{"rendered":"<p>Lumina Sf\u00e2nt\u0103 de la Ierusalim va ajunge, ast\u0103zi, \u00een \u021bar\u0103<\/p>\n<p>Sf\u00e2nta Lumin\u0103 este adus\u0103 de la Ierusalim de p\u0103rintele arhimandrit Teofil An\u0103st\u0103soaie, Superiorul A\u015fez\u0103mintelor Patriarhiei Rom\u00e2ne la Locurile Sfinte, s\u00e2mb\u0103t\u0103 sear\u0103 \u015fi este oferit\u0103 tuturor delega\u0163ilor eparhiilor Patriarhiei Rom\u00e2ne prezen\u0163i la Aeroportul Interna\u0163ional \u201eHenri Coand\u0103\u201d,.a anun\u0163at Patriarhia Rom\u00e2n\u0103.<\/p>\n<p>Tradi\u0163ia aducerii Sfintei Lumini de la Ierusalim, inaugurat\u0103 de Preafericitul P\u0103rinte Patriarh Daniel \u00een anul 2009, este continuat\u0103 \u015fi \u00een Anul Centenar al Patriarhiei Rom\u00e2ne.<\/p>\n<p>Sf\u00e2nta Lumin\u0103 va fi oferit\u0103 tuturor delega\u0163ilor eparhiilor Patriarhiei Rom\u00e2ne prezen\u0163i la Aeroportul Interna\u0163ional \u201eOtopeni\u201d.<\/p>\n<p>Ulterior, prin intermediul protopopiatelor, centrele eparhiale vor distribui Lumina Sf\u00e2nt\u0103 fiec\u0103rei parohii din cadrul lor. \u015ei \u00een acest an, Lumina Sf\u00e2nt\u0103 va fi dus\u0103, prin intermediul unui delegat al Mitropoliei Moldovei \u015fi Bucovinei, de la Bucure\u015fti la Chi\u015fin\u0103u, unde va fi oferit\u0103 parohiilor din Mitropolia Basarabiei.<\/p>\n<p>La ora 19.00, Lumina Sf\u00e2nt\u0103 va fi primit[ la Catedrala Patriarhala<\/p>\n<p>\u00cen aceast\u0103 sear\u0103, \u00een jurul orei 19.00, Sf\u00e2nta Lumin\u0103 va fi primit\u0103 la Catedrala Patriarhal\u0103 de Preafericitul P\u0103rinte Patriarh Daniel.<\/p>\n<p>&#8222;Aducerea \u015fi oferirea Sfintei Lumini de la Ierusalim tuturor parohiilor din cuprinsul Patriarhiei Rom\u00e2ne constituie, a\u015fadar, at\u00e2t o m\u0103rturie a unit\u0103\u0163ii ecleziale, c\u00e2t \u015fi o manifestare a bucuriei pascale \u00eemp\u0103rt\u0103\u015fite cu ocazia marelui praznic al \u00cenvierii M\u00e2ntuitorului Iisus Hristos.&#8221;<\/p>\n<p>\u00cen aceast\u0103 noapte, 19\/20 aprilie 2025, are loc Slujba de\u00a0\u00cenviere. Programul este acela\u0219i \u00een majoritatea bisericilor ortodoxe din \u021bara noastr\u0103. \u00cen jurul orei 23:30, slujba \u00eencepe cu Canonul S\u00e2mbetei Mari. La scurt timp, \u00een jurul orei 00:00, se sting luminile \u00een biserici, iar preo\u021bii ies din altar cu Sf\u00e2nta Lumin\u0103, spun\u00e2nd: \u201eVeni\u021bi de lua\u021bi lumin\u0103!\u201d.<\/p>\n<p>Acesta este momentul \u00een care credincio\u0219ii \u00ee\u0219i aprind lum\u00e2n\u0103rile, iar acesta este simbolul luminii aduse de Hristos \u00een lume. Oamenii rostesc \u00eempreun\u0103 rug\u0103ciuni \u0219i c\u00e2nt\u0103ri specifice \u00cenvierii. Dup\u0103 ce se \u00eemparte lumina, se cite\u0219te Sf\u00e2nta Evanghelie a \u00cenvierii, apoi Sf\u00e2nta Liturghie, care poate dura p\u00e2n\u0103 la 2:00 \u2013 3:00 diminea\u021ba, \u00een func\u021bie de programul fiec\u0103rei parohii.<\/p>\n<p><a href=\"https:\/\/www.realitatea.net\/stiri\/actual\/sambata-mare-ce-este-total-interzis-sa-faci-in-aceasta-zi-toti-crestinii-trebuie-sa-stie-asta_680336d41ef37b66947cdba2\" target=\"_blank\">S\u00e2mb\u0103ta Mare: Ce este TOTAL interzis s\u0103 faci \u00een aceast\u0103 zi. To\u021bi cre\u0219tinii trebuie s\u0103 \u0219tie asta<\/a><\/p>\n<p>\u00a0<\/p>","protected":false},"excerpt":{"rendered":"<p>Lumina Sf\u00e2nt\u0103 de la Ierusalim va ajunge, ast\u0103zi, \u00een \u021bar\u0103 Sf\u00e2nta Lumin\u0103 este adus\u0103 de&hellip;<\/p>\n","protected":false},"author":0,"featured_media":48327,"comment_status":"open","ping_status":"open","sticky":false,"template":"","format":"standard","meta":{"footnotes":""},"categories":[2],"tags":[],"class_list":["post-48326","post","type-post","status-publish","format-standard","has-post-thumbnail","hentry","category-actual"],"_links":{"self":[{"href":"https:\/\/247stiri.ro\/index.php\/wp-json\/wp\/v2\/posts\/48326","targetHints":{"allow":["GET"]}}],"collection":[{"href":"https:\/\/247stiri.ro\/index.php\/wp-json\/wp\/v2\/posts"}],"about":[{"href":"https:\/\/247stiri.ro\/index.php\/wp-json\/wp\/v2\/types\/post"}],"replies":[{"embeddable":true,"href":"https:\/\/247stiri.ro\/index.php\/wp-json\/wp\/v2\/comments?post=48326"}],"version-history":[{"count":0,"href":"https:\/\/247stiri.ro\/index.php\/wp-json\/wp\/v2\/posts\/48326\/revisions"}],"wp:featuredmedia":[{"embeddable":true,"href":"https:\/\/247stiri.ro\/index.php\/wp-json\/wp\/v2\/media\/48327"}],"wp:attachment":[{"href":"https:\/\/247stiri.ro\/index.php\/wp-json\/wp\/v2\/media?parent=48326"}],"wp:term":[{"taxonomy":"category","embeddable":true,"href":"https:\/\/247stiri.ro\/index.php\/wp-json\/wp\/v2\/categories?post=48326"},{"taxonomy":"post_tag","embeddable":true,"href":"https:\/\/247stiri.ro\/index.php\/wp-json\/wp\/v2\/tags?post=48326"}],"curies":[{"name":"wp","href":"https:\/\/api.w.org\/{rel}","templated":true}]}}