{"id":48331,"date":"2025-04-19T09:44:51","date_gmt":"2025-04-19T09:44:51","guid":{"rendered":"https:\/\/247stiri.ro\/index.php\/2025\/04\/19\/controverse-uriase-in-urma-vizitei-delegatiei-sua-la-bucuresti-george-simion-intalnire-cruciala-cu-reprezentantii-americani\/"},"modified":"2025-04-19T09:44:51","modified_gmt":"2025-04-19T09:44:51","slug":"controverse-uriase-in-urma-vizitei-delegatiei-sua-la-bucuresti-george-simion-intalnire-cruciala-cu-reprezentantii-americani","status":"publish","type":"post","link":"https:\/\/247stiri.ro\/index.php\/2025\/04\/19\/controverse-uriase-in-urma-vizitei-delegatiei-sua-la-bucuresti-george-simion-intalnire-cruciala-cu-reprezentantii-americani\/","title":{"rendered":"Controverse uria\u0219e \u00een urma vizitei delega\u021biei SUA la Bucure\u0219ti. George Simion, \u00eent\u00e2lnire crucial\u0103 cu reprezentan\u021bii americani"},"content":{"rendered":"<p>R\u0103m\u00e2n \u00een continuare foarte multe \u00eentreb\u0103ri f\u0103r\u0103 r\u0103spuns, dar \u0219i foarte multe controverse \u00een urma vizitei delega\u021biei americane a celor 8 congresmeni de peste ocean in Rom\u00e2nia la \u00eenceputul acestei s\u0103pt\u0103m\u00e2ni, \u00eentruc\u00e2t \u0219tim foarte bine c\u0103 au avut loc mai multe discu\u021bii dar \u0219i \u00eent\u00e2lniri extrem de importante a celor 8 reprezentan\u021bi al Congresului american, 4 democra\u021bi \u0219i 4 republicani, trimi\u0219i \u00een \u021bara noastr\u0103 pentru mai multe discu\u021bii importante at\u00e2t cu pre\u0219edintele interimar Ilie Bolojan, c\u00e2t \u0219i cu prim-ministrul Rom\u00e2niei, Marcel Ciolacu.<\/p>\n<p>\u00cenc\u0103 nu au fost clarificate foarte multe subiecte extrem de importante pentru \u021bara noastr\u0103, dar \u0219i legat de rela\u021bia diplomatic\u0103 a celor dou\u0103 \u021b\u0103ri, respectiv nu s-a clarificat dac\u0103 se vor retrage trupele americane de la noi din \u021bar\u0103, dar mai multe aspecte legate de \u00eenarmarea Rom\u00e2niei \u0219i mai mult dec\u00e2t at\u00e2t nu s-a clarificat situa\u021bia anul\u0103rii alegerilor, conform surselor Realitatea PLUS.<\/p>\n<p>\u00cen acela\u0219i timp, \u0219tim foarte bine c\u0103 George Simion, liderul aur \u0219i candidatul la alegerile preziden\u021biale din partea mi\u0219c\u0103rii suveraniste, a avut o \u00eent\u00e2lnire cu mai mul\u021bi reprezentan\u021bi din Congresul SUA. Se a\u0219teapt\u0103 concluziile concrete din urma acestei \u00eent\u00e2lniri de la \u00eenceputul acestei s\u0103pt\u0103m\u00e2ni din \u021bara noastr\u0103.<\/p>","protected":false},"excerpt":{"rendered":"<p>R\u0103m\u00e2n \u00een continuare foarte multe \u00eentreb\u0103ri f\u0103r\u0103 r\u0103spuns, dar \u0219i foarte multe controverse \u00een urma&hellip;<\/p>\n","protected":false},"author":0,"featured_media":48325,"comment_status":"open","ping_status":"open","sticky":false,"template":"","format":"standard","meta":{"footnotes":""},"categories":[2],"tags":[],"class_list":["post-48331","post","type-post","status-publish","format-standard","has-post-thumbnail","hentry","category-actual"],"_links":{"self":[{"href":"https:\/\/247stiri.ro\/index.php\/wp-json\/wp\/v2\/posts\/48331","targetHints":{"allow":["GET"]}}],"collection":[{"href":"https:\/\/247stiri.ro\/index.php\/wp-json\/wp\/v2\/posts"}],"about":[{"href":"https:\/\/247stiri.ro\/index.php\/wp-json\/wp\/v2\/types\/post"}],"replies":[{"embeddable":true,"href":"https:\/\/247stiri.ro\/index.php\/wp-json\/wp\/v2\/comments?post=48331"}],"version-history":[{"count":0,"href":"https:\/\/247stiri.ro\/index.php\/wp-json\/wp\/v2\/posts\/48331\/revisions"}],"wp:featuredmedia":[{"embeddable":true,"href":"https:\/\/247stiri.ro\/index.php\/wp-json\/wp\/v2\/media\/48325"}],"wp:attachment":[{"href":"https:\/\/247stiri.ro\/index.php\/wp-json\/wp\/v2\/media?parent=48331"}],"wp:term":[{"taxonomy":"category","embeddable":true,"href":"https:\/\/247stiri.ro\/index.php\/wp-json\/wp\/v2\/categories?post=48331"},{"taxonomy":"post_tag","embeddable":true,"href":"https:\/\/247stiri.ro\/index.php\/wp-json\/wp\/v2\/tags?post=48331"}],"curies":[{"name":"wp","href":"https:\/\/api.w.org\/{rel}","templated":true}]}}