{"id":48333,"date":"2025-04-19T09:44:52","date_gmt":"2025-04-19T09:44:52","guid":{"rendered":"https:\/\/247stiri.ro\/index.php\/2025\/04\/19\/incendiu-devastator-de-vegetatie-in-arges-suprafata-afectata-este-de-24-de-hectare-elicopterul-black-hawk-a-intervenit-in-misiunea-de-stingere-a-focului\/"},"modified":"2025-04-19T09:44:52","modified_gmt":"2025-04-19T09:44:52","slug":"incendiu-devastator-de-vegetatie-in-arges-suprafata-afectata-este-de-24-de-hectare-elicopterul-black-hawk-a-intervenit-in-misiunea-de-stingere-a-focului","status":"publish","type":"post","link":"https:\/\/247stiri.ro\/index.php\/2025\/04\/19\/incendiu-devastator-de-vegetatie-in-arges-suprafata-afectata-este-de-24-de-hectare-elicopterul-black-hawk-a-intervenit-in-misiunea-de-stingere-a-focului\/","title":{"rendered":"Incendiu devastator de vegeta\u021bie \u00een Arge\u0219. Suprafa\u021ba afectat\u0103 este de 24 de hectare &#8211; elicopterul Black Hawk a intervenit \u00een misiunea de stingere a focului"},"content":{"rendered":"<p>Potrivit unui comunicat de pres\u0103, pe parcursul nop\u021bii de vineri spre s\u00e2mb\u0103t\u0103 au r\u0103mas \u00een supraveghere echipe mixte formate din pompieri, lucr\u0103tori ai Serviciului Voluntar pentru Situa\u021bii de Urgen\u021b\u0103 \u0219i ai Ocolului Silvic.S\u00e2mb\u0103t\u0103 diminea\u021ba, elicopterul Black Hawk al Inspectoratului General de Avia\u021bie din MAI a efectuat dou\u0103 transporturi de personal \u0219i tehnic\u0103 specific\u0103 de prim\u0103 interven\u021bie (pompieri \u0219i lucr\u0103tori ai Ocolului Silvic) \u00een zona focarelor active, unde nu se poate face accesul terestru.Ulterior, elicopterul a reluat misiunea de stingere.Pentru optimizarea misiunii de r\u0103spuns au fost alocate: o autospecial\u0103 de stingere cu ap\u0103 \u0219i spum\u0103, o cistern\u0103, o ambulan\u021b\u0103 SMURD, un punct de comand\u0103 mobil, nou\u0103 autospeciale de prim\u0103 interven\u021bie \u0219i comand\u0103, un microbuz \u0219i un ATV, a precizat IGSU.\u00cen sprijin ac\u021bioneaz\u0103 lucr\u0103tori ai Serviciului Voluntar pentru Situa\u021bii de Urgen\u021b\u0103 Cet\u0103\u021beni \u0219i ai Ocolului Silvic.<\/p>","protected":false},"excerpt":{"rendered":"<p>Potrivit unui comunicat de pres\u0103, pe parcursul nop\u021bii de vineri spre s\u00e2mb\u0103t\u0103 au r\u0103mas \u00een&hellip;<\/p>\n","protected":false},"author":0,"featured_media":48334,"comment_status":"open","ping_status":"open","sticky":false,"template":"","format":"standard","meta":{"footnotes":""},"categories":[2],"tags":[],"class_list":["post-48333","post","type-post","status-publish","format-standard","has-post-thumbnail","hentry","category-actual"],"_links":{"self":[{"href":"https:\/\/247stiri.ro\/index.php\/wp-json\/wp\/v2\/posts\/48333","targetHints":{"allow":["GET"]}}],"collection":[{"href":"https:\/\/247stiri.ro\/index.php\/wp-json\/wp\/v2\/posts"}],"about":[{"href":"https:\/\/247stiri.ro\/index.php\/wp-json\/wp\/v2\/types\/post"}],"replies":[{"embeddable":true,"href":"https:\/\/247stiri.ro\/index.php\/wp-json\/wp\/v2\/comments?post=48333"}],"version-history":[{"count":0,"href":"https:\/\/247stiri.ro\/index.php\/wp-json\/wp\/v2\/posts\/48333\/revisions"}],"wp:featuredmedia":[{"embeddable":true,"href":"https:\/\/247stiri.ro\/index.php\/wp-json\/wp\/v2\/media\/48334"}],"wp:attachment":[{"href":"https:\/\/247stiri.ro\/index.php\/wp-json\/wp\/v2\/media?parent=48333"}],"wp:term":[{"taxonomy":"category","embeddable":true,"href":"https:\/\/247stiri.ro\/index.php\/wp-json\/wp\/v2\/categories?post=48333"},{"taxonomy":"post_tag","embeddable":true,"href":"https:\/\/247stiri.ro\/index.php\/wp-json\/wp\/v2\/tags?post=48333"}],"curies":[{"name":"wp","href":"https:\/\/api.w.org\/{rel}","templated":true}]}}