{"id":48341,"date":"2025-04-19T10:44:54","date_gmt":"2025-04-19T10:44:54","guid":{"rendered":"https:\/\/247stiri.ro\/index.php\/2025\/04\/19\/agresorul-fiicei-lui-becali-obligat-sa-poarte-bratara-electronica-a-fost-emis-ordin-de-protectie-impotriva-barbatului\/"},"modified":"2025-04-19T10:44:54","modified_gmt":"2025-04-19T10:44:54","slug":"agresorul-fiicei-lui-becali-obligat-sa-poarte-bratara-electronica-a-fost-emis-ordin-de-protectie-impotriva-barbatului","status":"publish","type":"post","link":"https:\/\/247stiri.ro\/index.php\/2025\/04\/19\/agresorul-fiicei-lui-becali-obligat-sa-poarte-bratara-electronica-a-fost-emis-ordin-de-protectie-impotriva-barbatului\/","title":{"rendered":"Agresorul fiicei lui Becali, obligat s\u0103 poarte br\u0103\u021bar\u0103 electronic\u0103. A fost emis ordin de protec\u021bie \u00eempotriva b\u0103rbatului"},"content":{"rendered":"<p>La doar o zi dup\u0103 ce Alexandra Becali a depus pl\u00e2ngere c\u0103 este urm\u0103rit\u0103 constant de un b\u0103rbat pe care nu \u00eel cunoa\u0219te, judec\u0103torii i-au dat dreptate \u0219i t\u00e2n\u0103ra a ob\u021binut ordin de protec\u021bie. Astfel agresorul trebuie s\u0103 p\u0103streze distan\u021ba timp de un an \u0219i s\u0103 poarte o br\u0103\u021bar\u0103 de monitorizare pentru a le permite autorit\u0103\u021bilor s\u0103 verifice respectarea m\u0103surilor impuse.<\/p>\n<p>Mai mult, individul, care spune c\u0103 o \u0219tie pe fiica lui Becali de la televizor, a fost obligat de instan\u021b\u0103 \u0219i la plata cheltuielilor de judecat\u0103.<\/p>\n<p>B\u0103rbatul a dezvoltat o obsesie pentru fata lui Becali pe care \u00eencepuse s\u0103 o h\u0103r\u021buiasc\u0103 de mai mult\u0103 vreme. Imediat dup\u0103 ce a aflat vestea \u0219ocant\u0103 \u0219i pentru a fi sigur c\u0103 nu vor exista incidente nepl\u0103cute, afaceristul din Pipera a apelat la omul s\u0103u de \u00eencredere pentru a merge cu ea peste tot \u0219i a se asigura c\u0103 nu este \u00een pericol.<\/p>\n<p>Nici Gigi Becali nu \u00eel cunoa\u0219te pe agresor, potrivit declara\u021biilor sale.<\/p>\n<p>La 29 de ani, Alexandra Becali este o femeie de afaceri de succes dup\u0103 ce \u00een ultimii ani a preluat o parte din afacerile tat\u0103lui s\u0103u. Apropia\u021bii familiei spun chiar c\u0103 aceasta ar putea s\u0103 devin\u0103 noul patron al FCSB.<\/p>","protected":false},"excerpt":{"rendered":"<p>La doar o zi dup\u0103 ce Alexandra Becali a depus pl\u00e2ngere c\u0103 este urm\u0103rit\u0103 constant&hellip;<\/p>\n","protected":false},"author":0,"featured_media":48342,"comment_status":"open","ping_status":"open","sticky":false,"template":"","format":"standard","meta":{"footnotes":""},"categories":[2],"tags":[],"class_list":["post-48341","post","type-post","status-publish","format-standard","has-post-thumbnail","hentry","category-actual"],"_links":{"self":[{"href":"https:\/\/247stiri.ro\/index.php\/wp-json\/wp\/v2\/posts\/48341","targetHints":{"allow":["GET"]}}],"collection":[{"href":"https:\/\/247stiri.ro\/index.php\/wp-json\/wp\/v2\/posts"}],"about":[{"href":"https:\/\/247stiri.ro\/index.php\/wp-json\/wp\/v2\/types\/post"}],"replies":[{"embeddable":true,"href":"https:\/\/247stiri.ro\/index.php\/wp-json\/wp\/v2\/comments?post=48341"}],"version-history":[{"count":0,"href":"https:\/\/247stiri.ro\/index.php\/wp-json\/wp\/v2\/posts\/48341\/revisions"}],"wp:featuredmedia":[{"embeddable":true,"href":"https:\/\/247stiri.ro\/index.php\/wp-json\/wp\/v2\/media\/48342"}],"wp:attachment":[{"href":"https:\/\/247stiri.ro\/index.php\/wp-json\/wp\/v2\/media?parent=48341"}],"wp:term":[{"taxonomy":"category","embeddable":true,"href":"https:\/\/247stiri.ro\/index.php\/wp-json\/wp\/v2\/categories?post=48341"},{"taxonomy":"post_tag","embeddable":true,"href":"https:\/\/247stiri.ro\/index.php\/wp-json\/wp\/v2\/tags?post=48341"}],"curies":[{"name":"wp","href":"https:\/\/api.w.org\/{rel}","templated":true}]}}