{"id":48364,"date":"2025-04-19T11:45:11","date_gmt":"2025-04-19T11:45:11","guid":{"rendered":"https:\/\/247stiri.ro\/index.php\/2025\/04\/19\/vucic-prietenul-lui-ponta-legaturi-stranse-cu-putin-presedintele-serbiei-participa-la-ceremonia-lui-putin-pe-9-mai\/"},"modified":"2025-04-19T11:45:11","modified_gmt":"2025-04-19T11:45:11","slug":"vucic-prietenul-lui-ponta-legaturi-stranse-cu-putin-presedintele-serbiei-participa-la-ceremonia-lui-putin-pe-9-mai","status":"publish","type":"post","link":"https:\/\/247stiri.ro\/index.php\/2025\/04\/19\/vucic-prietenul-lui-ponta-legaturi-stranse-cu-putin-presedintele-serbiei-participa-la-ceremonia-lui-putin-pe-9-mai\/","title":{"rendered":"Vucic, prietenul lui Ponta, leg\u0103turi str\u00e2nse cu Putin. Pre\u0219edintele Serbiei particip\u0103 la ceremonia lui Putin pe 9 mai"},"content":{"rendered":"<p>Pre\u0219edintele s\u00e2rb, Aleksandar Vucic (se cite\u0219te Vucici) un apropiat al suversanistului vopsit, Victor Ponta, sub regimul c\u0103ruia \u0219i-a ob\u021binut cet\u0103\u021benia s\u00e2rb\u0103 dup\u0103 ce a inundat Rom\u00e2nia &#8211; a anun\u021bat c\u0103 va participa la Parada Victoriei organizat\u0103 de Putin la Moscova pe 9 mai.<\/p>\n<p>Participarea la evenimentul din Pia\u021ba Ro\u0219ie care marcheaz\u0103 Victoria Rusiei \u00een fa\u021ba Germaniei la finalul celui de-al Doilea R\u0103zboi Mondial este privit\u0103 \u00eens\u0103 cu \u00eengrijorare de liderii europeni. Ace\u0219tia \u00eel avertizeaz\u0103 pe Vocic c\u0103 Serbia ar putea fi exclus\u0103 din procesul de aderare la Uniunea European\u0103.<\/p>\n<p>\u00cengrijor\u0103rile liderilor europeni vin \u00een contextul \u00een care ace\u0219tia au su\u021binut c\u0103 orice participare a statelor europene la s\u0103rb\u0103torile de la Moscova nu este bine vazuta \u00een contextul r\u0103zboiului sangeros dus \u00een Ucraina.<\/p>\n<p>\u00cen 2012 Serbia a devenit oficial candidat\u0103 pentru Uniunea European\u0103 \u00eens\u0103 procesul a stagnat din cauza sprijinului pe care s\u00e2rbii l-au acordat Rusiei.<\/p>","protected":false},"excerpt":{"rendered":"<p>Pre\u0219edintele s\u00e2rb, Aleksandar Vucic (se cite\u0219te Vucici) un apropiat al suversanistului vopsit, Victor Ponta, sub&hellip;<\/p>\n","protected":false},"author":0,"featured_media":48352,"comment_status":"open","ping_status":"open","sticky":false,"template":"","format":"standard","meta":{"footnotes":""},"categories":[2],"tags":[],"class_list":["post-48364","post","type-post","status-publish","format-standard","has-post-thumbnail","hentry","category-actual"],"_links":{"self":[{"href":"https:\/\/247stiri.ro\/index.php\/wp-json\/wp\/v2\/posts\/48364","targetHints":{"allow":["GET"]}}],"collection":[{"href":"https:\/\/247stiri.ro\/index.php\/wp-json\/wp\/v2\/posts"}],"about":[{"href":"https:\/\/247stiri.ro\/index.php\/wp-json\/wp\/v2\/types\/post"}],"replies":[{"embeddable":true,"href":"https:\/\/247stiri.ro\/index.php\/wp-json\/wp\/v2\/comments?post=48364"}],"version-history":[{"count":0,"href":"https:\/\/247stiri.ro\/index.php\/wp-json\/wp\/v2\/posts\/48364\/revisions"}],"wp:featuredmedia":[{"embeddable":true,"href":"https:\/\/247stiri.ro\/index.php\/wp-json\/wp\/v2\/media\/48352"}],"wp:attachment":[{"href":"https:\/\/247stiri.ro\/index.php\/wp-json\/wp\/v2\/media?parent=48364"}],"wp:term":[{"taxonomy":"category","embeddable":true,"href":"https:\/\/247stiri.ro\/index.php\/wp-json\/wp\/v2\/categories?post=48364"},{"taxonomy":"post_tag","embeddable":true,"href":"https:\/\/247stiri.ro\/index.php\/wp-json\/wp\/v2\/tags?post=48364"}],"curies":[{"name":"wp","href":"https:\/\/api.w.org\/{rel}","templated":true}]}}