{"id":48366,"date":"2025-04-19T11:45:12","date_gmt":"2025-04-19T11:45:12","guid":{"rendered":"https:\/\/247stiri.ro\/index.php\/2025\/04\/19\/bogdan-peschir-petrece-pastele-in-spatele-gratiilor-avocatul-lui-bogpr-anchetatorii-nu-au-ce-sa-gaseasca-in-dispozitive\/"},"modified":"2025-04-19T11:45:12","modified_gmt":"2025-04-19T11:45:12","slug":"bogdan-peschir-petrece-pastele-in-spatele-gratiilor-avocatul-lui-bogpr-anchetatorii-nu-au-ce-sa-gaseasca-in-dispozitive","status":"publish","type":"post","link":"https:\/\/247stiri.ro\/index.php\/2025\/04\/19\/bogdan-peschir-petrece-pastele-in-spatele-gratiilor-avocatul-lui-bogpr-anchetatorii-nu-au-ce-sa-gaseasca-in-dispozitive\/","title":{"rendered":"Bogdan Pe\u0219chir petrece Pa\u0219tele \u00een spatele gratiilor. Avocatul lui BogPR: \u201dAnchetatorii nu au ce s\u0103 g\u0103seasc\u0103 \u00een dispozitive\u201d"},"content":{"rendered":"<p>Bogdan Pe\u0219chir, cel care ar fi influen\u021bat aleg\u0103torii \u00een campania electoral\u0103 de anul trecut, \u00ee\u0219i va petrece s\u0103rb\u0103torile pascale \u00een spatele gratiilor. Aceast\u0103 m\u0103sur\u0103 a fost prelungit\u0103 la propunerea procurorilor \u0219i vedem c\u0103 Pe\u0219chir se afl\u0103 \u00een a doua lun\u0103 sub aceast\u0103 m\u0103sur\u0103 preventiv\u0103.<\/p>\n<p>\u00centre timp, dispozitivele lui electronice au fost perchezi\u021bionate de poli\u021bi\u0219ti, iar anchetatorii vor s\u0103 afle dac\u0103 vor g\u0103si noi probe care s\u0103 stea la baza acuza\u021biilor ce i se aduc. \u00cen acela\u0219i timp, avocatul lui Pe\u0219chir spune faptul c\u0103 \u00een dispozitivele, \u00een laptopurile, \u00een tabletele \u0219i \u00een telefonul s\u0103u nu se va g\u0103si nimic, asta pentru c\u0103 ar fi fost achizi\u021bionate recent.<\/p>\n<p>Totodat\u0103 au fost deja formulate mai multe contesta\u021bii \u00eempotriva arest\u0103rii preventive care urmeaz\u0103 s\u0103 fie judecate \u00een perioada urm\u0103toare.<\/p>","protected":false},"excerpt":{"rendered":"<p>Bogdan Pe\u0219chir, cel care ar fi influen\u021bat aleg\u0103torii \u00een campania electoral\u0103 de anul trecut, \u00ee\u0219i&hellip;<\/p>\n","protected":false},"author":0,"featured_media":48360,"comment_status":"open","ping_status":"open","sticky":false,"template":"","format":"standard","meta":{"footnotes":""},"categories":[2],"tags":[],"class_list":["post-48366","post","type-post","status-publish","format-standard","has-post-thumbnail","hentry","category-actual"],"_links":{"self":[{"href":"https:\/\/247stiri.ro\/index.php\/wp-json\/wp\/v2\/posts\/48366","targetHints":{"allow":["GET"]}}],"collection":[{"href":"https:\/\/247stiri.ro\/index.php\/wp-json\/wp\/v2\/posts"}],"about":[{"href":"https:\/\/247stiri.ro\/index.php\/wp-json\/wp\/v2\/types\/post"}],"replies":[{"embeddable":true,"href":"https:\/\/247stiri.ro\/index.php\/wp-json\/wp\/v2\/comments?post=48366"}],"version-history":[{"count":0,"href":"https:\/\/247stiri.ro\/index.php\/wp-json\/wp\/v2\/posts\/48366\/revisions"}],"wp:featuredmedia":[{"embeddable":true,"href":"https:\/\/247stiri.ro\/index.php\/wp-json\/wp\/v2\/media\/48360"}],"wp:attachment":[{"href":"https:\/\/247stiri.ro\/index.php\/wp-json\/wp\/v2\/media?parent=48366"}],"wp:term":[{"taxonomy":"category","embeddable":true,"href":"https:\/\/247stiri.ro\/index.php\/wp-json\/wp\/v2\/categories?post=48366"},{"taxonomy":"post_tag","embeddable":true,"href":"https:\/\/247stiri.ro\/index.php\/wp-json\/wp\/v2\/tags?post=48366"}],"curies":[{"name":"wp","href":"https:\/\/api.w.org\/{rel}","templated":true}]}}