{"id":48367,"date":"2025-04-19T11:45:12","date_gmt":"2025-04-19T11:45:12","guid":{"rendered":"https:\/\/247stiri.ro\/index.php\/2025\/04\/19\/vicepresedintele-american-j-d-vance-a-ajuns-la-vatican-impreuna-cu-familia-unde-va-petrece-sarbatorile-pascale\/"},"modified":"2025-04-19T11:45:12","modified_gmt":"2025-04-19T11:45:12","slug":"vicepresedintele-american-j-d-vance-a-ajuns-la-vatican-impreuna-cu-familia-unde-va-petrece-sarbatorile-pascale","status":"publish","type":"post","link":"https:\/\/247stiri.ro\/index.php\/2025\/04\/19\/vicepresedintele-american-j-d-vance-a-ajuns-la-vatican-impreuna-cu-familia-unde-va-petrece-sarbatorile-pascale\/","title":{"rendered":"Vicepre\u0219edintele american J.D. Vance a ajuns la Vatican \u00eempreun\u0103 cu familia, unde va petrece s\u0103rb\u0103torile pascale"},"content":{"rendered":"<p>Delega\u021bia vicepre\u0219edintelui SUA, format din c\u00e2teva zeci de vehicule, a sosit la Vatican prin Via della Conciliazione cu pu\u021bin timp \u00eenainte de ora 10:00 a.m. (8:00 a.m. GMT) prin Arcul Clopotelor, intrarea rezervat\u0103 vizitelor de stat.Nu este planificat o primire la Suveranul Pontif deoarece acesta continu\u0103 s\u0103 se recupereze dup\u0103 ce a fost externat pe 23 martie, dup\u0103 38 de zile \u00een spitalul Gemelli pentru pneumonie bilateral\u0103. Surprizele nu sunt \u00eens\u0103 excluse, a\u0219a cum a fost cazul salutului pe care Papa Francisc l-a adresat Regelui \u0219i Reginei Regatului Unit, Charles al III-lea \u0219i Camilla, \u00een timpul vizitei lor oficiale \u00een Italia.O alt\u0103 oportunitate pentru un scurt salut ar putea fi duminic\u0103, c\u00e2nd se s\u0103v\u00e2r\u0219e\u0219te Liturghia din Duminica Pa\u0219telui, la care Vance \u00eempreun\u0103 cu familia ar putea participa.J.D. Vance a participat vineri la slujba din Vinerea Mare dedicat\u0103 Patimilor Domnului \u00een Bazilica Sf\u00e2ntul Petru, la care Sf\u00e2ntul P\u0103rinte nu a participat. El a participat la ceremonie \u00eenso\u021bit de so\u021bia sa, Usha, \u0219i de cei trei copii ai lor.Vicepre\u0219edintele american s-a convertit la catolicism \u00een 2019.Vance apar\u021bine aripii ultraconservatoare catolice care nu \u00ee\u0219i ascunde criticile la adresa papei Francisc \u0219i \u00eei \u00eemp\u0103rt\u0103\u0219e\u0219te opinia \u00een privin\u021ba migran\u021bilor, \u00een timp ce Vaticanul a depl\u00e2ns reducerile contribu\u021biilor la cooperarea interna\u021bional\u0103 f\u0103cute de administra\u021bia pre\u0219edintelui Donald Trump.Vicepre\u0219edintele SUA se afl\u0103 \u00eentr-o vizit\u0103 oficial\u0103 \u00een Italia p\u00e2n\u0103 duminic\u0103 \u0219i a avut, de asemenea, vineri o \u00eent\u00e2lnire cu premierul italian Giorgia Meloni, scrie sursa precizat\u0103.<\/p>\n<p><a href=\"https:\/\/www.realitatea.net\/stiri\/actual\/aproape-30-de-palestinieni-ucisi-in-gaza-dupa-bombardamentele-israelilene-de-sambata-majoritatea-erau-copii_680381c8ae47075d4c605ed2\" target=\"_blank\">Aproape 30 de palestinieni au fost uci\u0219i \u00een Gaza, dup\u0103 bombardamentele israeliene de s\u00e2mb\u0103t\u0103. Majoritatea erau copii<\/a><\/p>","protected":false},"excerpt":{"rendered":"<p>Delega\u021bia vicepre\u0219edintelui SUA, format din c\u00e2teva zeci de vehicule, a sosit la Vatican prin Via&hellip;<\/p>\n","protected":false},"author":0,"featured_media":48354,"comment_status":"open","ping_status":"open","sticky":false,"template":"","format":"standard","meta":{"footnotes":""},"categories":[2],"tags":[],"class_list":["post-48367","post","type-post","status-publish","format-standard","has-post-thumbnail","hentry","category-actual"],"_links":{"self":[{"href":"https:\/\/247stiri.ro\/index.php\/wp-json\/wp\/v2\/posts\/48367","targetHints":{"allow":["GET"]}}],"collection":[{"href":"https:\/\/247stiri.ro\/index.php\/wp-json\/wp\/v2\/posts"}],"about":[{"href":"https:\/\/247stiri.ro\/index.php\/wp-json\/wp\/v2\/types\/post"}],"replies":[{"embeddable":true,"href":"https:\/\/247stiri.ro\/index.php\/wp-json\/wp\/v2\/comments?post=48367"}],"version-history":[{"count":0,"href":"https:\/\/247stiri.ro\/index.php\/wp-json\/wp\/v2\/posts\/48367\/revisions"}],"wp:featuredmedia":[{"embeddable":true,"href":"https:\/\/247stiri.ro\/index.php\/wp-json\/wp\/v2\/media\/48354"}],"wp:attachment":[{"href":"https:\/\/247stiri.ro\/index.php\/wp-json\/wp\/v2\/media?parent=48367"}],"wp:term":[{"taxonomy":"category","embeddable":true,"href":"https:\/\/247stiri.ro\/index.php\/wp-json\/wp\/v2\/categories?post=48367"},{"taxonomy":"post_tag","embeddable":true,"href":"https:\/\/247stiri.ro\/index.php\/wp-json\/wp\/v2\/tags?post=48367"}],"curies":[{"name":"wp","href":"https:\/\/api.w.org\/{rel}","templated":true}]}}