{"id":48368,"date":"2025-04-19T11:45:12","date_gmt":"2025-04-19T11:45:12","guid":{"rendered":"https:\/\/247stiri.ro\/index.php\/2025\/04\/19\/noi-informatii-din-dosarul-de-la-parchet-al-lui-calin-georgescu-mesaj-de-suflet-pentru-romani-de-sarbatori\/"},"modified":"2025-04-19T11:45:12","modified_gmt":"2025-04-19T11:45:12","slug":"noi-informatii-din-dosarul-de-la-parchet-al-lui-calin-georgescu-mesaj-de-suflet-pentru-romani-de-sarbatori","status":"publish","type":"post","link":"https:\/\/247stiri.ro\/index.php\/2025\/04\/19\/noi-informatii-din-dosarul-de-la-parchet-al-lui-calin-georgescu-mesaj-de-suflet-pentru-romani-de-sarbatori\/","title":{"rendered":"Noi informa\u021bii din dosarul de la Parchet al lui C\u0103lin Georgescu. Mesaj de suflet pentru rom\u00e2ni de s\u0103rb\u0103tori"},"content":{"rendered":"<p>Sunt ultimele zile de control judiciar, m\u0103sura preventiv\u0103 impus\u0103 de procurori \u00een cazul lui C\u0103lin Georgescu. Conform surselor Realitatea PLUS, \u00eencep\u00e2nd cu primele zile ale s\u0103pt\u0103m\u00e2nii viitoare, acesta va fi din nou citat pentru a se prezenta la audieri \u00een fa\u021ba procurorilor.<\/p>\n<p>Vorbim despre 3 dosare penale deschise pe numele acestuia pentru 6 acuza\u021bii extrem de grave care \u00eensa nu se justific\u0103 cu argumente, dar nici cu probe de c\u0103tre procurori.<\/p>\n<p>\u00cen aceast\u0103 m\u0103sur\u0103 preventiv\u0103 de control judiciar pentru 60 de zile, candidatul care a fost favorit \u00een cursa pentru Cotroceni \u00een luna decembrie trebuie s\u0103 respecte mai multe masuri extrem de importante, s\u0103 nu fac\u0103 anumite declara\u021bii care ar putea s\u0103 \u00eei preschimbe aceast\u0103 m\u0103sur\u0103 preventiv\u0103, s\u0103 nu poarte arme, s\u0103 se prezinte la sec\u021bia de poli\u021bie ori de c\u00e2te ori este chemat, s\u0103 nu p\u0103r\u0103seasc\u0103 \u021bara.<\/p>\n<p>\u00cen acela\u0219i timp, avoca\u021bii lui C\u0103lin Georgescu precizeaz\u0103 pentru Realitatea PLUS faptul c\u0103 la dosar nu exist\u0103 probe concrete la baza acestei anchete penale \u0219i totul a fost de fapt o manevr\u0103 politic\u0103 pentru a-i bloca candidatura la alegerile preziden\u021biale. La urm\u0103toarea chemare la Parchetul General se poate prelungi m\u0103sura preventiv\u0103 de control judiciar pentru \u00eenc\u0103 60 de zile de c\u0103tre procurori.<\/p>","protected":false},"excerpt":{"rendered":"<p>Sunt ultimele zile de control judiciar, m\u0103sura preventiv\u0103 impus\u0103 de procurori \u00een cazul lui C\u0103lin&hellip;<\/p>\n","protected":false},"author":0,"featured_media":48362,"comment_status":"open","ping_status":"open","sticky":false,"template":"","format":"standard","meta":{"footnotes":""},"categories":[2],"tags":[],"class_list":["post-48368","post","type-post","status-publish","format-standard","has-post-thumbnail","hentry","category-actual"],"_links":{"self":[{"href":"https:\/\/247stiri.ro\/index.php\/wp-json\/wp\/v2\/posts\/48368","targetHints":{"allow":["GET"]}}],"collection":[{"href":"https:\/\/247stiri.ro\/index.php\/wp-json\/wp\/v2\/posts"}],"about":[{"href":"https:\/\/247stiri.ro\/index.php\/wp-json\/wp\/v2\/types\/post"}],"replies":[{"embeddable":true,"href":"https:\/\/247stiri.ro\/index.php\/wp-json\/wp\/v2\/comments?post=48368"}],"version-history":[{"count":0,"href":"https:\/\/247stiri.ro\/index.php\/wp-json\/wp\/v2\/posts\/48368\/revisions"}],"wp:featuredmedia":[{"embeddable":true,"href":"https:\/\/247stiri.ro\/index.php\/wp-json\/wp\/v2\/media\/48362"}],"wp:attachment":[{"href":"https:\/\/247stiri.ro\/index.php\/wp-json\/wp\/v2\/media?parent=48368"}],"wp:term":[{"taxonomy":"category","embeddable":true,"href":"https:\/\/247stiri.ro\/index.php\/wp-json\/wp\/v2\/categories?post=48368"},{"taxonomy":"post_tag","embeddable":true,"href":"https:\/\/247stiri.ro\/index.php\/wp-json\/wp\/v2\/tags?post=48368"}],"curies":[{"name":"wp","href":"https:\/\/api.w.org\/{rel}","templated":true}]}}