{"id":48379,"date":"2025-04-19T12:45:02","date_gmt":"2025-04-19T12:45:02","guid":{"rendered":"https:\/\/247stiri.ro\/index.php\/2025\/04\/19\/daniel-baciu-seful-casei-de-pensii-avem-bani-in-buget-pentru-toate-majorarile-de-pensii-ne-am-asigurat-ca-sunt-bani-pentru-toate-pensiile\/"},"modified":"2025-04-19T12:45:02","modified_gmt":"2025-04-19T12:45:02","slug":"daniel-baciu-seful-casei-de-pensii-avem-bani-in-buget-pentru-toate-majorarile-de-pensii-ne-am-asigurat-ca-sunt-bani-pentru-toate-pensiile","status":"publish","type":"post","link":"https:\/\/247stiri.ro\/index.php\/2025\/04\/19\/daniel-baciu-seful-casei-de-pensii-avem-bani-in-buget-pentru-toate-majorarile-de-pensii-ne-am-asigurat-ca-sunt-bani-pentru-toate-pensiile\/","title":{"rendered":"Daniel Baciu, \u0219eful Casei de Pensii: \u201dAvem bani \u00een buget pentru toate major\u0103rile de pensii. Ne-am asigurat c\u0103 sunt bani pentru toate pensiile\u201d"},"content":{"rendered":"<p>Reporter: Aproape toate pensiile agricultorilor au fost recalculate \u0219i sunt major\u0103ri destul de semnificative, spre exemplu, acest pensionar va primi \u00een plus 1.000 de lei. Spune\u021bi-ne care este impactul pentru aceast\u0103 recalculare \u0219i dac\u0103 banii sunt prin\u0219i \u00een buget.<\/p>\n<p>Daniel Baciu: \u00centr-adev\u0103r exemplul pe care l-a\u021bi specificat dumneavoastr\u0103 reprezint\u0103 o cre\u0219tere de aproape 1.000 de lei, aproape dublarea pensiei respectivului pensionar \u0219i \u00eentr-adev\u0103r \u00een func\u021bie de anii lucra\u021bi \u00een sistemul agricol, vorbim de fostele CAP-uri, se acord\u0103 acele puncte de stabilitate prevazute de noua lege a pensiilor, astfel \u00eenc\u00e2t \u0219i aici sunt cre\u0219teri substan\u021biale.<\/p>\n<p>R: Banii sunt prev\u0103zu\u021bi \u00een buget?<\/p>\n<p>DB: Nu s-a pus problema deloc \u0219i vorbim \u0219i de anul trecut \u0219i anul acesta prin legea bugetului asigur\u0103rilor sociale de stat pe anul 2025, toate aceste cre\u0219teri \u2013 fie c\u0103 vorbim de recalcularea pensiilor din sistemul agricol, fie c\u0103 vorbim de marea recalculare prevazut\u0103 de articolul 144, fie c\u0103 vorbim de mica recalculare, noi am previzionat ace\u0219ti bani \u0219i nu se pune problema s\u0103 nu avem fondurile necesare disponibile pentru a face aceste recalcul\u0103ri.<\/p>\n<p>R: Exist\u0103 bani \u00een aceste momente pentru a pl\u0103ti toate pensiile \u0219i nu ne vom trezi \u00een situa\u021bia \u00een care s\u0103 spunem pl\u0103tim pensia de pe decizie dac\u0103 sc\u0103zuse cumva?<\/p>\n<p>DB: Nu exist\u0103 aceast\u0103 problem\u0103 \u0219i nu a existat niciodat\u0103. Am auzit \u0219i eu asemenea \u0219tiri \u00een spa\u021biul public, noi n-am \u00eent\u00e2rziat nici m\u0103car o zi plata pensiilor \u0219i nu s-a pus problema s\u0103 nu avem fondurile necesare pentru a pl\u0103ti pensiile integral la nivel na\u021bional.<\/p>\n<p>R: Pentru cine cre\u0219te v\u00e2rsta de pensionare \u0219i la ce ne a\u0219tept\u0103m \u00een urm\u0103torii ani?<\/p>\n<p>DB: Nu se pune problema cre\u0219terii v\u00e2rstei de pensionare nici \u00een noua lege a pensiilor, vorbim de v\u00e2rsta standard de pensionare de 65 de ani la b\u0103rba\u021bi. Femeile \u00eenc\u0103 nu au atins aceast\u0103 v\u00e2rst\u0103, exist\u0103 un grafic de e\u0219alonare prev\u0103zut \u00een anexa 5 din legea 360, astfel \u00eenc\u00e2t \u0219i femeile \u00een anul 2030 vor ajunge la aceea\u0219i v\u00e2rst\u0103 de pensionare ca a \u0219i b\u0103rba\u021bilor \u0219i ne oprim aici la aceast\u0103 v\u00e2rst\u0103 de 65 de ani.<\/p>\n<p>\u00cen prezent nu avem o speran\u021b\u0103 de via\u021b\u0103 mai mare dec\u00e2t \u021barile din Uniunea European\u0103, unde v\u00e2rsta de pensionare este mult mai mare dec\u00e2t \u00een Rom\u00e2nia, drept pentru care consider c\u0103 \u00een momentul de fa\u021b\u0103 ar trebui s\u0103 ne oprim aici la 65 de ani.<\/p>\n<p>R: Garanta\u021bi c\u0103 a\u0219a r\u0103m\u00e2ne?<\/p>\n<p>DB: \u00cen momentul de fa\u021b\u0103 speran\u021ba nu e a\u0219a de mare \u0219i este corelat\u0103 cu v\u00e2rsta de pensionare, iar cel pu\u021bin p\u00e2n\u0103 \u00een anul 2030 nu avem aceast\u0103 premis\u0103 de cre\u0219tere a v\u00e2rstei de pensionare sub nicio form\u0103.<\/p>","protected":false},"excerpt":{"rendered":"<p>Reporter: Aproape toate pensiile agricultorilor au fost recalculate \u0219i sunt major\u0103ri destul de semnificative, spre&hellip;<\/p>\n","protected":false},"author":0,"featured_media":48380,"comment_status":"open","ping_status":"open","sticky":false,"template":"","format":"standard","meta":{"footnotes":""},"categories":[2],"tags":[],"class_list":["post-48379","post","type-post","status-publish","format-standard","has-post-thumbnail","hentry","category-actual"],"_links":{"self":[{"href":"https:\/\/247stiri.ro\/index.php\/wp-json\/wp\/v2\/posts\/48379","targetHints":{"allow":["GET"]}}],"collection":[{"href":"https:\/\/247stiri.ro\/index.php\/wp-json\/wp\/v2\/posts"}],"about":[{"href":"https:\/\/247stiri.ro\/index.php\/wp-json\/wp\/v2\/types\/post"}],"replies":[{"embeddable":true,"href":"https:\/\/247stiri.ro\/index.php\/wp-json\/wp\/v2\/comments?post=48379"}],"version-history":[{"count":0,"href":"https:\/\/247stiri.ro\/index.php\/wp-json\/wp\/v2\/posts\/48379\/revisions"}],"wp:featuredmedia":[{"embeddable":true,"href":"https:\/\/247stiri.ro\/index.php\/wp-json\/wp\/v2\/media\/48380"}],"wp:attachment":[{"href":"https:\/\/247stiri.ro\/index.php\/wp-json\/wp\/v2\/media?parent=48379"}],"wp:term":[{"taxonomy":"category","embeddable":true,"href":"https:\/\/247stiri.ro\/index.php\/wp-json\/wp\/v2\/categories?post=48379"},{"taxonomy":"post_tag","embeddable":true,"href":"https:\/\/247stiri.ro\/index.php\/wp-json\/wp\/v2\/tags?post=48379"}],"curies":[{"name":"wp","href":"https:\/\/api.w.org\/{rel}","templated":true}]}}