{"id":48381,"date":"2025-04-19T12:45:03","date_gmt":"2025-04-19T12:45:03","guid":{"rendered":"https:\/\/247stiri.ro\/index.php\/2025\/04\/19\/minunea-sfintei-lumini-din-ierusalim-s-a-savarsit-si-anul-acesta-la-ora-14-36-crestinatatea-din-intreaga-lume-a-putut-fi-martora-la-miracol\/"},"modified":"2025-04-19T12:45:03","modified_gmt":"2025-04-19T12:45:03","slug":"minunea-sfintei-lumini-din-ierusalim-s-a-savarsit-si-anul-acesta-la-ora-14-36-crestinatatea-din-intreaga-lume-a-putut-fi-martora-la-miracol","status":"publish","type":"post","link":"https:\/\/247stiri.ro\/index.php\/2025\/04\/19\/minunea-sfintei-lumini-din-ierusalim-s-a-savarsit-si-anul-acesta-la-ora-14-36-crestinatatea-din-intreaga-lume-a-putut-fi-martora-la-miracol\/","title":{"rendered":"Minunea Sfintei Lumini din Ierusalim s-a s\u0103v\u00e2r\u0219it \u0219i anul acesta. La ora 14.36 cre\u0219tin\u0103tatea din \u00eentreaga lume a putut fi martor\u0103 la miracol"},"content":{"rendered":"<p>Sf\u00e2nta Lumin\u0103 a fost primit\u0103 la Morm\u00e2ntul \u00cenvierii Domnului din Ierusalim s\u00e2mb\u0103t\u0103, 19 aprilie 2025, \u00een jurul orei 14:35. \u00cen \u021bara noastr\u0103 va ajunge cu un avion, fiind adus\u0103 de Arhim Teofil An\u0103st\u0103soaie, reprezentantul Patriarhiei Rom\u00e2ne la Locurile Sfinte.<\/p>\n<p>Sf\u00e2nta Lumin\u0103 de Pa\u015fte\u00a0se aprinde deasupra Sf\u00e2ntului Morm\u00e2nt, exist\u00e2nd credin\u0163a c\u0103 focul se coboar\u0103 din cer \u015fi aprinde lum\u00e2n\u0103rile.\u00a0Este considerat cel mai vechi miracol din lumea cre\u015ftin\u0103, prima dat\u0103 fiind documentat \u00een anul 1106. Focul Sf\u00e2nt nu arde \u00een primele 33 de minute dup\u0103 ce s-a cobor\u00e2t de la Ceruri.\u00a0<\/p>\n<p>Sf\u00e2nta Lumin\u0103\u00a0va fi adus\u0103\u00a0de la Ierusalim \u00een \u021bara noastr\u0103 s\u00e2mb\u0103t\u0103 sear\u0103\u00a0de Arhim Teofil An\u0103st\u0103soaie, Reprezentantul Patriarhiei Rom\u00e2ne la Locurile Sfinte, \u0219i va fi\u00a0oferit\u0103\u00a0delega\u021bilor eparhiilor Patriarhiei Rom\u00e2ne la Aeroportul Interna\u0163ional \u201eHenri Coand\u0103\u201d din Otopeni, jud. Ilfov.<\/p>","protected":false},"excerpt":{"rendered":"<p>Sf\u00e2nta Lumin\u0103 a fost primit\u0103 la Morm\u00e2ntul \u00cenvierii Domnului din Ierusalim s\u00e2mb\u0103t\u0103, 19 aprilie 2025,&hellip;<\/p>\n","protected":false},"author":0,"featured_media":48382,"comment_status":"open","ping_status":"open","sticky":false,"template":"","format":"standard","meta":{"footnotes":""},"categories":[2],"tags":[],"class_list":["post-48381","post","type-post","status-publish","format-standard","has-post-thumbnail","hentry","category-actual"],"_links":{"self":[{"href":"https:\/\/247stiri.ro\/index.php\/wp-json\/wp\/v2\/posts\/48381","targetHints":{"allow":["GET"]}}],"collection":[{"href":"https:\/\/247stiri.ro\/index.php\/wp-json\/wp\/v2\/posts"}],"about":[{"href":"https:\/\/247stiri.ro\/index.php\/wp-json\/wp\/v2\/types\/post"}],"replies":[{"embeddable":true,"href":"https:\/\/247stiri.ro\/index.php\/wp-json\/wp\/v2\/comments?post=48381"}],"version-history":[{"count":0,"href":"https:\/\/247stiri.ro\/index.php\/wp-json\/wp\/v2\/posts\/48381\/revisions"}],"wp:featuredmedia":[{"embeddable":true,"href":"https:\/\/247stiri.ro\/index.php\/wp-json\/wp\/v2\/media\/48382"}],"wp:attachment":[{"href":"https:\/\/247stiri.ro\/index.php\/wp-json\/wp\/v2\/media?parent=48381"}],"wp:term":[{"taxonomy":"category","embeddable":true,"href":"https:\/\/247stiri.ro\/index.php\/wp-json\/wp\/v2\/categories?post=48381"},{"taxonomy":"post_tag","embeddable":true,"href":"https:\/\/247stiri.ro\/index.php\/wp-json\/wp\/v2\/tags?post=48381"}],"curies":[{"name":"wp","href":"https:\/\/api.w.org\/{rel}","templated":true}]}}