{"id":48386,"date":"2025-04-19T12:45:05","date_gmt":"2025-04-19T12:45:05","guid":{"rendered":"https:\/\/247stiri.ro\/index.php\/2025\/04\/19\/ponta-si-nicusor-dan-si-au-taiat-singuri-craca-de-sub-picioare-gafele-monumentale-ale-celor-doi-candidati-la-prezidentiale-sustinuti-de-sistem\/"},"modified":"2025-04-19T12:45:05","modified_gmt":"2025-04-19T12:45:05","slug":"ponta-si-nicusor-dan-si-au-taiat-singuri-craca-de-sub-picioare-gafele-monumentale-ale-celor-doi-candidati-la-prezidentiale-sustinuti-de-sistem","status":"publish","type":"post","link":"https:\/\/247stiri.ro\/index.php\/2025\/04\/19\/ponta-si-nicusor-dan-si-au-taiat-singuri-craca-de-sub-picioare-gafele-monumentale-ale-celor-doi-candidati-la-prezidentiale-sustinuti-de-sistem\/","title":{"rendered":"Ponta \u0219i Nicu\u0219or Dan \u0219i-au t\u0103iat singuri craca de sub picioare. Gafele monumentale ale celor doi candida\u021bi la preziden\u021biale sus\u021binu\u021bi de sistem"},"content":{"rendered":"<p>Sistemul este disperat \u0219i \u00eencearc\u0103 s\u0103 \u00ee\u0219i propulseze candida\u021bii \u00een finala pentru alegerile preziden\u021biale din luna mai.\u00a0 Este un val de pl\u00e2ngeri penale la Parchetul General pe numele lui Victor Ponta \u0219i nu este exclus, conform surselor Realitatea PLUS s\u0103 fie audiat dac\u0103 procurorii vor dispune acest lucru dup\u0103 declara\u021biile sale precum c\u0103rora \u00een anul 2014 c\u00e2nd era premier a permis inundarea mai multor gospod\u0103rii pentru evitarea unui dezastru \u00een capitala Serbiei.<\/p>\n<p>Pe de alt\u0103 parte este \u0219i un scandal de amploare \u00een tab\u0103ra rezi\u0219tilor \u0219i vorbim \u0219i despre ultimele declara\u021bii ale lui Nicu\u0219or Dan care nu exclude s\u0103 se retrag\u0103 din cursa pentru Cotroceni.<\/p>\n<p>\u0218i Elena Lasconi a venit cu declara\u021bii explozive \u00een spa\u021biul public precum c\u0103rora primarul general al Capitalei ar fi \u0219tiut de anularea alegerilor \u00eenainte de votul celor 9 judec\u0103tori de la Curtea Constitu\u021bional\u0103. Vedem cum scandalul din tab\u0103ra rezi\u0219tilor continu\u0103 \u00eentruc\u00e2t primarul general este disperat dup\u0103 dec\u0103derea din sondaje, fiindc\u0103 nu \u00ee\u0219i poate face campanie cu banii din USR.<\/p>\n<p>Sistemul \u00eencearc\u0103 s\u0103 \u00eel blocheze pe candidatul suverani\u0219tilor, George Simion, chiar dac\u0103 acesta se afl\u0103 \u00een continuare \u00een topul preferin\u021belor rom\u00e2nilor.<\/p>","protected":false},"excerpt":{"rendered":"<p>Sistemul este disperat \u0219i \u00eencearc\u0103 s\u0103 \u00ee\u0219i propulseze candida\u021bii \u00een finala pentru alegerile preziden\u021biale din&hellip;<\/p>\n","protected":false},"author":0,"featured_media":48378,"comment_status":"open","ping_status":"open","sticky":false,"template":"","format":"standard","meta":{"footnotes":""},"categories":[2],"tags":[],"class_list":["post-48386","post","type-post","status-publish","format-standard","has-post-thumbnail","hentry","category-actual"],"_links":{"self":[{"href":"https:\/\/247stiri.ro\/index.php\/wp-json\/wp\/v2\/posts\/48386","targetHints":{"allow":["GET"]}}],"collection":[{"href":"https:\/\/247stiri.ro\/index.php\/wp-json\/wp\/v2\/posts"}],"about":[{"href":"https:\/\/247stiri.ro\/index.php\/wp-json\/wp\/v2\/types\/post"}],"replies":[{"embeddable":true,"href":"https:\/\/247stiri.ro\/index.php\/wp-json\/wp\/v2\/comments?post=48386"}],"version-history":[{"count":0,"href":"https:\/\/247stiri.ro\/index.php\/wp-json\/wp\/v2\/posts\/48386\/revisions"}],"wp:featuredmedia":[{"embeddable":true,"href":"https:\/\/247stiri.ro\/index.php\/wp-json\/wp\/v2\/media\/48378"}],"wp:attachment":[{"href":"https:\/\/247stiri.ro\/index.php\/wp-json\/wp\/v2\/media?parent=48386"}],"wp:term":[{"taxonomy":"category","embeddable":true,"href":"https:\/\/247stiri.ro\/index.php\/wp-json\/wp\/v2\/categories?post=48386"},{"taxonomy":"post_tag","embeddable":true,"href":"https:\/\/247stiri.ro\/index.php\/wp-json\/wp\/v2\/tags?post=48386"}],"curies":[{"name":"wp","href":"https:\/\/api.w.org\/{rel}","templated":true}]}}