{"id":48404,"date":"2025-04-19T13:44:52","date_gmt":"2025-04-19T13:44:52","guid":{"rendered":"https:\/\/247stiri.ro\/index.php\/2025\/04\/19\/parinti-iresponsabili-au-transportat-copilul-cu-fata-lipita-de-lunta-masinii-politia-a-deschis-o-ancheta\/"},"modified":"2025-04-19T13:44:52","modified_gmt":"2025-04-19T13:44:52","slug":"parinti-iresponsabili-au-transportat-copilul-cu-fata-lipita-de-lunta-masinii-politia-a-deschis-o-ancheta","status":"publish","type":"post","link":"https:\/\/247stiri.ro\/index.php\/2025\/04\/19\/parinti-iresponsabili-au-transportat-copilul-cu-fata-lipita-de-lunta-masinii-politia-a-deschis-o-ancheta\/","title":{"rendered":"P\u0103rin\u021bi iresponsabili. Au transportat copilul cu fa\u021ba lipit\u0103 de lunta ma\u0219inii. Poli\u021bia a deschis o anchet\u0103"},"content":{"rendered":"<p>Pozi\u021bia \u00eencalc\u0103 legisla\u021bia \u0219i este periculoas\u0103 pentru copil \u00een cazul \u00een care \u0219oferul fr\u00e2neaz\u0103 brusc.<\/p>\n<p>Potrivit presei, incidentul a avut loc vineri, la Timi\u0219oara. Poli\u021bi\u0219tii au aflat despre incident \u0219i au \u00eenceput o anchet\u0103.<\/p>\n<p>\u201eAv\u00e2nd \u00een vedere informa\u021biile ap\u0103rute \u00een spa\u021biul public cu privire la un copil care ar fi fost transportat \u00eentr-un autoturism, \u00een spa\u021biul dintre bancheta din spate \u0219i lunet\u0103, v\u0103 comunic\u0103m faptul c\u0103 poli\u021bi\u0219tii efectueaz\u0103 verific\u0103ri pentru stabilirea situa\u021biei de fapt \u0219i dispunerea m\u0103surilor legale care se impun\u201d, a transmis IPJ Timi\u0219.<\/p>","protected":false},"excerpt":{"rendered":"<p>Pozi\u021bia \u00eencalc\u0103 legisla\u021bia \u0219i este periculoas\u0103 pentru copil \u00een cazul \u00een care \u0219oferul fr\u00e2neaz\u0103 brusc.&hellip;<\/p>\n","protected":false},"author":0,"featured_media":48390,"comment_status":"open","ping_status":"open","sticky":false,"template":"","format":"standard","meta":{"footnotes":""},"categories":[2],"tags":[],"class_list":["post-48404","post","type-post","status-publish","format-standard","has-post-thumbnail","hentry","category-actual"],"_links":{"self":[{"href":"https:\/\/247stiri.ro\/index.php\/wp-json\/wp\/v2\/posts\/48404","targetHints":{"allow":["GET"]}}],"collection":[{"href":"https:\/\/247stiri.ro\/index.php\/wp-json\/wp\/v2\/posts"}],"about":[{"href":"https:\/\/247stiri.ro\/index.php\/wp-json\/wp\/v2\/types\/post"}],"replies":[{"embeddable":true,"href":"https:\/\/247stiri.ro\/index.php\/wp-json\/wp\/v2\/comments?post=48404"}],"version-history":[{"count":0,"href":"https:\/\/247stiri.ro\/index.php\/wp-json\/wp\/v2\/posts\/48404\/revisions"}],"wp:featuredmedia":[{"embeddable":true,"href":"https:\/\/247stiri.ro\/index.php\/wp-json\/wp\/v2\/media\/48390"}],"wp:attachment":[{"href":"https:\/\/247stiri.ro\/index.php\/wp-json\/wp\/v2\/media?parent=48404"}],"wp:term":[{"taxonomy":"category","embeddable":true,"href":"https:\/\/247stiri.ro\/index.php\/wp-json\/wp\/v2\/categories?post=48404"},{"taxonomy":"post_tag","embeddable":true,"href":"https:\/\/247stiri.ro\/index.php\/wp-json\/wp\/v2\/tags?post=48404"}],"curies":[{"name":"wp","href":"https:\/\/api.w.org\/{rel}","templated":true}]}}