{"id":48405,"date":"2025-04-19T13:44:53","date_gmt":"2025-04-19T13:44:53","guid":{"rendered":"https:\/\/247stiri.ro\/index.php\/2025\/04\/19\/accident-grav-in-mehedinti-doua-surori-au-ajuns-la-spital-dupa-ce-masina-lor-s-a-izbit-violent-de-un-cap-de-pod\/"},"modified":"2025-04-19T13:44:53","modified_gmt":"2025-04-19T13:44:53","slug":"accident-grav-in-mehedinti-doua-surori-au-ajuns-la-spital-dupa-ce-masina-lor-s-a-izbit-violent-de-un-cap-de-pod","status":"publish","type":"post","link":"https:\/\/247stiri.ro\/index.php\/2025\/04\/19\/accident-grav-in-mehedinti-doua-surori-au-ajuns-la-spital-dupa-ce-masina-lor-s-a-izbit-violent-de-un-cap-de-pod\/","title":{"rendered":"Accident grav \u00een Mehedin\u021bi. Dou\u0103 surori au ajuns la spital dup\u0103 ce ma\u0219ina lor s-a izbit violent de un cap de pod"},"content":{"rendered":"<p>Incidentul s-a petrecut s\u00e2mb\u0103t\u0103 diminea\u021b\u0103, \u00een localitatea B\u00e2cle\u0219, iar din primele informa\u021bii, la volan se afla una dintre surori, o t\u00e2n\u0103r\u0103 \u00een v\u00e2rst\u0103 de 19 ani, \u0219oferi\u021b\u0103 \u00eencep\u0103toare.\u00a0<\/p>\n<p>Oamenii legii spun c\u0103 fata a pierdut controlul volanului \u0219i a lovit un cap de pod. Ulterior, <a href=\"https:\/\/www.realitatea.net\/stiri\/actual\/accident-infiorator-la-orsova-un-tanar-de-23-de-ani-a-murit-carbonizat_6802881b4000652e5b1301a3\" target=\"_blank\">ma\u0219ina<\/a> s-a r\u0103sturnat \u00een afara carosabilului, ajung\u00e2nd pe c\u00e2mp.<\/p>\n<p>\u00cen ma\u0219in\u0103 se aflau \u0219oferi\u021ba \u0219i doi pasageri, sora acesteia, \u00een v\u00e2rst\u0103 de 18 ani, precum \u0219i un t\u00e2n\u0103r de 19 ani. Impactul a fost de puternic \u00eenc\u00e2t motorul autovehiculului a zburat la c\u00e2\u021biva metri distan\u021b\u0103.\u00a0<\/p>\n<p>La scurt timp de la producerea incidentului, la fa\u021ba locului au intervenit ambulan\u021bele SAJ \u0219i SMURD, dar \u0219i pompierii Sta\u021biei Strehaia. Cele trei victime erau con\u0219tiente, dar cu multiple traumatisme. At\u00e2t \u0219oferi\u021ba, c\u00e2t \u0219i cei doi pasageri au fost transporta\u021bi la spital.<\/p>\n<p>Potrivit poli\u021bi\u0219tilor din Mehedin\u021bi, conduc\u0103toarea auto nu ar fi adaptat viteza la condi\u021biile de drum, pierz\u00e2nd astfel controlul asupra ma\u0219inii. Aceasta a fost testat\u0103 pentru alcool, rezultatul fiind negativ.<\/p>\n<p>\u201eDin accident a rezultat v\u0103t\u0103marea corporal\u0103 a conduc\u0103toarei auto \u0219i a doi pasageri care au fost transporta\u021bi la o unitate medical\u0103 pentru acordarea de \u00eengrijiri de specialitate. Conduc\u0103toarea auto a fost testat\u0103 cu aparatul alcooltest, rezultatul fiind negativ. \u00cen cauz\u0103, a fost \u00eentocmit dosar penal sub aspectul s\u0103v\u00e2r\u0219irii infrac\u021biunii de v\u0103t\u0103mare corporal\u0103 din culp\u0103\u201d, a informat IPJ Mehedin\u021bi.<\/p>","protected":false},"excerpt":{"rendered":"<p>Incidentul s-a petrecut s\u00e2mb\u0103t\u0103 diminea\u021b\u0103, \u00een localitatea B\u00e2cle\u0219, iar din primele informa\u021bii, la volan se&hellip;<\/p>\n","protected":false},"author":0,"featured_media":48406,"comment_status":"open","ping_status":"open","sticky":false,"template":"","format":"standard","meta":{"footnotes":""},"categories":[2],"tags":[],"class_list":["post-48405","post","type-post","status-publish","format-standard","has-post-thumbnail","hentry","category-actual"],"_links":{"self":[{"href":"https:\/\/247stiri.ro\/index.php\/wp-json\/wp\/v2\/posts\/48405","targetHints":{"allow":["GET"]}}],"collection":[{"href":"https:\/\/247stiri.ro\/index.php\/wp-json\/wp\/v2\/posts"}],"about":[{"href":"https:\/\/247stiri.ro\/index.php\/wp-json\/wp\/v2\/types\/post"}],"replies":[{"embeddable":true,"href":"https:\/\/247stiri.ro\/index.php\/wp-json\/wp\/v2\/comments?post=48405"}],"version-history":[{"count":0,"href":"https:\/\/247stiri.ro\/index.php\/wp-json\/wp\/v2\/posts\/48405\/revisions"}],"wp:featuredmedia":[{"embeddable":true,"href":"https:\/\/247stiri.ro\/index.php\/wp-json\/wp\/v2\/media\/48406"}],"wp:attachment":[{"href":"https:\/\/247stiri.ro\/index.php\/wp-json\/wp\/v2\/media?parent=48405"}],"wp:term":[{"taxonomy":"category","embeddable":true,"href":"https:\/\/247stiri.ro\/index.php\/wp-json\/wp\/v2\/categories?post=48405"},{"taxonomy":"post_tag","embeddable":true,"href":"https:\/\/247stiri.ro\/index.php\/wp-json\/wp\/v2\/tags?post=48405"}],"curies":[{"name":"wp","href":"https:\/\/api.w.org\/{rel}","templated":true}]}}