{"id":48407,"date":"2025-04-19T13:44:53","date_gmt":"2025-04-19T13:44:53","guid":{"rendered":"https:\/\/247stiri.ro\/index.php\/2025\/04\/19\/mesajul-preafericitului-parinte-daniel-patriarhul-bisericii-ortodoxe-romane-la-sarbatoarea-sfintelor-pasti-2025\/"},"modified":"2025-04-19T13:44:53","modified_gmt":"2025-04-19T13:44:53","slug":"mesajul-preafericitului-parinte-daniel-patriarhul-bisericii-ortodoxe-romane-la-sarbatoarea-sfintelor-pasti-2025","status":"publish","type":"post","link":"https:\/\/247stiri.ro\/index.php\/2025\/04\/19\/mesajul-preafericitului-parinte-daniel-patriarhul-bisericii-ortodoxe-romane-la-sarbatoarea-sfintelor-pasti-2025\/","title":{"rendered":"Mesajul Preafericitului P\u0103rinte Daniel, Patriarhul Bisericii Ortodoxe Rom\u00e2ne, la S\u0103rb\u0103toarea Sfintelor Pa\u0219ti 2025"},"content":{"rendered":"<p>Mesajul Patriarhului Rom\u00e2niei, cu ocazia Sfintelor Pa\u0219te 2025<\/p>\n<p>\u201ePrin iubirea Sa smerit\u0103 \u015fi milostiv\u0103, Domnul Iisus Hristos arat\u0103 pe Cruce ascultare smerit\u0103 fa\u0163\u0103 de Dumnezeu \u015fi iertare milostiv\u0103 fa\u0163\u0103 de cei ce L-au r\u0103stignit. Astfel, Domnul Hristos\u00a0ridic\u0103\u00a0sau vindec\u0103 p\u0103catul neascult\u0103rii protop\u0103rin\u0163ilor Adam \u015fi Eva spre m\u00e2ntuirea lumii \u015fi, totodat\u0103, \u00eenlocuie\u015fte violen\u0163a ucig\u0103toare cu iubirea pacificatoare\u201d, a eviden\u021biat P\u0103rintele Patriarh Daniel.<\/p>\n<p>Dup\u0103 ce a serbat, \u00eempreun\u0103 cu ucenicii S\u0103i, Pa\u015ftele iudaic, Domnul Iisus Hristos a instituit, Joi seara, un Pa\u015fte nou, la Cina cea de Tain\u0103, prin care anticipa taina mor\u0163ii Sale jertfelnice pe Cruce din ziua de Vineri \u015fi \u00cenvierea Sa a treia zi (Duminic\u0103), pentru a d\u0103rui lumii via\u0163a ve\u015fnic\u0103. De aceea, Sf\u00e2ntul Apostol Pavel spune:\u00a0\u201ePa\u015ftele nostru Hristos S-a jertfit pentru noi\u201d\u00a0(1\u00a0Corinteni\u00a05, 7).<\/p>\n<p>Centrul s\u0103rb\u0103torii Pa\u015ftelui iudaic este celebrarea minunii trecerii poporului evreu, condus de Moise, prin Marea Ro\u0219ie, ca pe uscat, pentru eliberarea poporului evreu din robia Egiptului. \u00cens\u0103, la s\u0103rb\u0103toarea Pa\u015ftelui cre\u015ftin, Biserica noastr\u0103 celebreaz\u0103 trecerea lui Hristos cu trupul prin jertfa s\u00e2ngeroas\u0103 a mor\u0163ii Sale pe Cruce \u015fi \u00cenvierea Sa din mor\u0163i cu trupul, pentru a intra \u00een via\u0163a cereasc\u0103 ve\u015fnic\u0103 din \u00cemp\u0103r\u0103\u0163ia cerurilor.<\/p>\n<p><a href=\"https:\/\/www.realitatea.net\/stiri\/actual\/minunea-sfintei-lumini-din-ierusalim-sa-savarsit-si-anul-acesta-la-ora-1436-crestinatatea-din-intreaga-lume-a-putut-fi-martora-la-miracol_68039a2abd67236f2d537004\" target=\"_blank\">Minunea Sfintei Lumini din Ierusalim s-a s\u0103v\u00e2r\u0219it \u0219i anul acesta. La ora 14.36 cre\u0219tin\u0103tatea din \u00eentreaga lume a putut fi martor\u0103 la miracol<\/a><\/p>\n<p>Prin iubirea Sa smerit\u0103 \u015fi milostiv\u0103, Domnul Iisus Hristos arat\u0103 pe Cruce ascultare smerit\u0103 fa\u0163\u0103 de Dumnezeu \u015fi iertare milostiv\u0103 fa\u0163\u0103 de cei ce L-au r\u0103stignit. Astfel, Domnul Hristos \u201eridic\u0103\u201d sau vindec\u0103 p\u0103catul neascult\u0103rii protop\u0103rin\u0163ilor Adam \u015fi Eva spre m\u00e2ntuirea lumii \u015fi, totodat\u0103, \u00eenlocuie\u015fte violen\u0163a ucig\u0103toare cu iubirea pacificatoare.<\/p>\n<p>S\u0103rb\u0103toarea Sfintelor Pa\u015fti ne cheam\u0103 pe to\u0163i s\u0103 ar\u0103t\u0103m \u00een jurul nostru iubire smerit\u0103 \u015fi milostiv\u0103, iertare, pace \u015fi bucurie, ca fiind daruri ale lui Hristos Cel \u00eenviat.<\/p>\n<p>Dorim tuturor rom\u00e2nilor din Rom\u00e2nia, de l\u00e2ng\u0103 frontierele ei \u015fi din diaspora, pace \u015fi bucurie, s\u0103n\u0103tate \u015fi fericire, dimpreun\u0103 cu urarea pascal\u0103:\u00a0Hristos a \u00eenviat!\u00a0Adev\u0103rat a \u00eenviat!<\/p>\n<p>\u00a0<\/p>","protected":false},"excerpt":{"rendered":"<p>Mesajul Patriarhului Rom\u00e2niei, cu ocazia Sfintelor Pa\u0219te 2025 \u201ePrin iubirea Sa smerit\u0103 \u015fi milostiv\u0103, Domnul&hellip;<\/p>\n","protected":false},"author":0,"featured_media":48392,"comment_status":"open","ping_status":"open","sticky":false,"template":"","format":"standard","meta":{"footnotes":""},"categories":[2],"tags":[],"class_list":["post-48407","post","type-post","status-publish","format-standard","has-post-thumbnail","hentry","category-actual"],"_links":{"self":[{"href":"https:\/\/247stiri.ro\/index.php\/wp-json\/wp\/v2\/posts\/48407","targetHints":{"allow":["GET"]}}],"collection":[{"href":"https:\/\/247stiri.ro\/index.php\/wp-json\/wp\/v2\/posts"}],"about":[{"href":"https:\/\/247stiri.ro\/index.php\/wp-json\/wp\/v2\/types\/post"}],"replies":[{"embeddable":true,"href":"https:\/\/247stiri.ro\/index.php\/wp-json\/wp\/v2\/comments?post=48407"}],"version-history":[{"count":0,"href":"https:\/\/247stiri.ro\/index.php\/wp-json\/wp\/v2\/posts\/48407\/revisions"}],"wp:featuredmedia":[{"embeddable":true,"href":"https:\/\/247stiri.ro\/index.php\/wp-json\/wp\/v2\/media\/48392"}],"wp:attachment":[{"href":"https:\/\/247stiri.ro\/index.php\/wp-json\/wp\/v2\/media?parent=48407"}],"wp:term":[{"taxonomy":"category","embeddable":true,"href":"https:\/\/247stiri.ro\/index.php\/wp-json\/wp\/v2\/categories?post=48407"},{"taxonomy":"post_tag","embeddable":true,"href":"https:\/\/247stiri.ro\/index.php\/wp-json\/wp\/v2\/tags?post=48407"}],"curies":[{"name":"wp","href":"https:\/\/api.w.org\/{rel}","templated":true}]}}