{"id":48419,"date":"2025-04-19T14:45:03","date_gmt":"2025-04-19T14:45:03","guid":{"rendered":"https:\/\/247stiri.ro\/index.php\/2025\/04\/19\/nicusor-dan-despre-gratierea-elenei-udrea-gesturile-simbolice-ale-presedintelui-trebuie-sa-fie-in-directia-respectarii-legii\/"},"modified":"2025-04-19T14:45:03","modified_gmt":"2025-04-19T14:45:03","slug":"nicusor-dan-despre-gratierea-elenei-udrea-gesturile-simbolice-ale-presedintelui-trebuie-sa-fie-in-directia-respectarii-legii","status":"publish","type":"post","link":"https:\/\/247stiri.ro\/index.php\/2025\/04\/19\/nicusor-dan-despre-gratierea-elenei-udrea-gesturile-simbolice-ale-presedintelui-trebuie-sa-fie-in-directia-respectarii-legii\/","title":{"rendered":"Nicu\u0219or Dan, despre gra\u021bierea Elenei Udrea: \u201eGesturile simbolice ale pre\u015fedintelui trebuie s\u0103 fie \u00een direc\u0163ia respect\u0103rii legii\u201d"},"content":{"rendered":"<p>Nicu\u0219or Dan a fost \u00eentrebat, \u00eentr-o emisiune TV, dac\u0103 o gra\u021biaz\u0103 pe Elena Udrea \u00een cazul \u00een care ajunge la palatul Cotroceni.<\/p>\n<p>\u201dNu. Sunt probabil multe persoane \u00een situa\u021bia dumneaei. Rolul pre\u0219edintelui este \u0219i unul simbolic \u0219i nu cred c\u0103 un gest ca acesta face bine societ\u0103\u021bii. Din potriv\u0103, gesturile simbolice ale pre\u0219edintelui trebuie s\u0103 fie \u00een direc\u021bia respect\u0103rii legii\u201d, a r\u0103spuns Nicu\u0219or Dan.<\/p>\n<p>Elena Udrea, fost ministru al Dezvolt\u0103rii \u00een\u00a0 guvernarea Boc, condamnat\u0103 la 6 ani de \u00eenchisoare pentru abuz \u00een serviciu \u0219i luare de mit\u0103 \u00een dosarul \u201eGala Bute\u201d, a solicitat reducerea pedepsei cu perioada \u00een care s-a aflat \u00een deten\u021bie \u00een Costa Rica \u0219i Bulgaria. Mai exact, Elena Udrea solicit\u0103 reducerea pedepsei cu 154 de zile, din care 83 de zile executate \u00een penitenciarul San Jose din Costa Rica \u0219i alte 71 de zile executate \u00een Centrul de re\u021binere Belgorod din Bulgaria, toate fiind executate \u00een baza aceleia\u0219i hot\u0103r\u00e2ri de condamnare.<\/p>","protected":false},"excerpt":{"rendered":"<p>Nicu\u0219or Dan a fost \u00eentrebat, \u00eentr-o emisiune TV, dac\u0103 o gra\u021biaz\u0103 pe Elena Udrea \u00een&hellip;<\/p>\n","protected":false},"author":0,"featured_media":48414,"comment_status":"open","ping_status":"open","sticky":false,"template":"","format":"standard","meta":{"footnotes":""},"categories":[2],"tags":[],"class_list":["post-48419","post","type-post","status-publish","format-standard","has-post-thumbnail","hentry","category-actual"],"_links":{"self":[{"href":"https:\/\/247stiri.ro\/index.php\/wp-json\/wp\/v2\/posts\/48419","targetHints":{"allow":["GET"]}}],"collection":[{"href":"https:\/\/247stiri.ro\/index.php\/wp-json\/wp\/v2\/posts"}],"about":[{"href":"https:\/\/247stiri.ro\/index.php\/wp-json\/wp\/v2\/types\/post"}],"replies":[{"embeddable":true,"href":"https:\/\/247stiri.ro\/index.php\/wp-json\/wp\/v2\/comments?post=48419"}],"version-history":[{"count":0,"href":"https:\/\/247stiri.ro\/index.php\/wp-json\/wp\/v2\/posts\/48419\/revisions"}],"wp:featuredmedia":[{"embeddable":true,"href":"https:\/\/247stiri.ro\/index.php\/wp-json\/wp\/v2\/media\/48414"}],"wp:attachment":[{"href":"https:\/\/247stiri.ro\/index.php\/wp-json\/wp\/v2\/media?parent=48419"}],"wp:term":[{"taxonomy":"category","embeddable":true,"href":"https:\/\/247stiri.ro\/index.php\/wp-json\/wp\/v2\/categories?post=48419"},{"taxonomy":"post_tag","embeddable":true,"href":"https:\/\/247stiri.ro\/index.php\/wp-json\/wp\/v2\/tags?post=48419"}],"curies":[{"name":"wp","href":"https:\/\/api.w.org\/{rel}","templated":true}]}}