{"id":48431,"date":"2025-04-19T15:45:21","date_gmt":"2025-04-19T15:45:21","guid":{"rendered":"https:\/\/247stiri.ro\/index.php\/2025\/04\/19\/marcel-ciolacu-mesaj-de-paste-sa-ne-pastram-vii-in-suflet-valorile-si-sfintele-invataturi-crestine\/"},"modified":"2025-04-19T15:45:21","modified_gmt":"2025-04-19T15:45:21","slug":"marcel-ciolacu-mesaj-de-paste-sa-ne-pastram-vii-in-suflet-valorile-si-sfintele-invataturi-crestine","status":"publish","type":"post","link":"https:\/\/247stiri.ro\/index.php\/2025\/04\/19\/marcel-ciolacu-mesaj-de-paste-sa-ne-pastram-vii-in-suflet-valorile-si-sfintele-invataturi-crestine\/","title":{"rendered":"Marcel Ciolacu, mesaj de Pa\u0219te: \u201eS\u0103 ne p\u0103str\u0103m vii \u00een suflet valorile \u015fi sfintele \u00eenv\u0103\u0163\u0103turi cre\u015ftine\u201d"},"content":{"rendered":"<p>\u201eCredin\u0163a, respectul, toleran\u0163a \u015fi grija fa\u0163\u0103 de aproape ne unesc \u015fi ne dau putere s\u0103 dep\u0103\u015fim \u00eencerc\u0103rile. \u00cen fa\u0163a provoc\u0103rilor contemporane, s\u0103 ne g\u00e2ndim la viitor cu speran\u0163\u0103\u201d, transmite premierul.<\/p>\n<p>\u201e\u00cent\u00e2mpin\u0103m cea mai mare s\u0103rb\u0103toare a cre\u015ftin\u0103t\u0103\u0163ii cu g\u00e2ndul la simbolistica sf\u00e2nt\u0103 a biruin\u0163ei binelui, la bucuria momentelor petrecute \u00eempreun\u0103 cu cei dragi \u015fi la emo\u0163ia solidarit\u0103\u0163ii \u00eentre oameni. To\u0163i cre\u015ftinii din Rom\u00e2nia, indiferent de confesiune, ne bucur\u0103m anul acesta de S\u0103rb\u0103torile Pascale, \u00eentr-o comuniune spiritual\u0103 de care poporul rom\u00e2n este puternic ata\u015fat. Credin\u0163a, respectul, toleran\u0163a \u015fi grija fa\u0163\u0103 de aproape ne unesc \u015fi ne dau putere s\u0103 dep\u0103\u015fim \u00eencerc\u0103rile\u201d, afirm\u0103 Marcel Ciolacu \u00een mesaj.<\/p>\n<p>Premierul men\u0163ioneaz\u0103 c\u0103, \u201e\u00een fa\u0163a provoc\u0103rilor contemporane\u201d, rom\u00e2nii trebuie s\u0103 se g\u00e2ndeasc\u0103 la viitor \u201ecu speran\u0163\u0103\u201d. \u201e\u00cen fa\u0163a provoc\u0103rilor contemporane, s\u0103 ne g\u00e2ndim la viitor cu speran\u0163\u0103, s\u0103 ne p\u0103str\u0103m vii \u00een suflet valorile \u015fi sfintele \u00eenv\u0103\u0163\u0103turi cre\u015ftine, pre\u0163uind cum se cuvine oamenii \u015fi faptele bune. Fie ca lumina \u00cenvierii s\u0103 ne cuprind\u0103 inimile \u015fi s\u0103 ne lumineze calea tuturor! S\u0103rb\u0103tori Pascale binecuv\u00e2ntate, cu pace, armonie \u015fi bucurie!\u201d, \u00eencheie premierul Ciolacu mesajul s\u0103u pentru rom\u00e2ni.<\/p>","protected":false},"excerpt":{"rendered":"<p>\u201eCredin\u0163a, respectul, toleran\u0163a \u015fi grija fa\u0163\u0103 de aproape ne unesc \u015fi ne dau putere s\u0103&hellip;<\/p>\n","protected":false},"author":0,"featured_media":48427,"comment_status":"open","ping_status":"open","sticky":false,"template":"","format":"standard","meta":{"footnotes":""},"categories":[2],"tags":[],"class_list":["post-48431","post","type-post","status-publish","format-standard","has-post-thumbnail","hentry","category-actual"],"_links":{"self":[{"href":"https:\/\/247stiri.ro\/index.php\/wp-json\/wp\/v2\/posts\/48431","targetHints":{"allow":["GET"]}}],"collection":[{"href":"https:\/\/247stiri.ro\/index.php\/wp-json\/wp\/v2\/posts"}],"about":[{"href":"https:\/\/247stiri.ro\/index.php\/wp-json\/wp\/v2\/types\/post"}],"replies":[{"embeddable":true,"href":"https:\/\/247stiri.ro\/index.php\/wp-json\/wp\/v2\/comments?post=48431"}],"version-history":[{"count":0,"href":"https:\/\/247stiri.ro\/index.php\/wp-json\/wp\/v2\/posts\/48431\/revisions"}],"wp:featuredmedia":[{"embeddable":true,"href":"https:\/\/247stiri.ro\/index.php\/wp-json\/wp\/v2\/media\/48427"}],"wp:attachment":[{"href":"https:\/\/247stiri.ro\/index.php\/wp-json\/wp\/v2\/media?parent=48431"}],"wp:term":[{"taxonomy":"category","embeddable":true,"href":"https:\/\/247stiri.ro\/index.php\/wp-json\/wp\/v2\/categories?post=48431"},{"taxonomy":"post_tag","embeddable":true,"href":"https:\/\/247stiri.ro\/index.php\/wp-json\/wp\/v2\/tags?post=48431"}],"curies":[{"name":"wp","href":"https:\/\/api.w.org\/{rel}","templated":true}]}}