{"id":48432,"date":"2025-04-19T15:45:22","date_gmt":"2025-04-19T15:45:22","guid":{"rendered":"https:\/\/247stiri.ro\/index.php\/2025\/04\/19\/incident-halucinant-in-dolj-barbat-de-45-de-ani-retinut-dupa-ce-si-a-taiat-fratele-in-zona-gatului-care-este-starea-victimei\/"},"modified":"2025-04-19T15:45:22","modified_gmt":"2025-04-19T15:45:22","slug":"incident-halucinant-in-dolj-barbat-de-45-de-ani-retinut-dupa-ce-si-a-taiat-fratele-in-zona-gatului-care-este-starea-victimei","status":"publish","type":"post","link":"https:\/\/247stiri.ro\/index.php\/2025\/04\/19\/incident-halucinant-in-dolj-barbat-de-45-de-ani-retinut-dupa-ce-si-a-taiat-fratele-in-zona-gatului-care-este-starea-victimei\/","title":{"rendered":"Incident halucinant \u00een Dolj. B\u0103rbat de 45 de ani, re\u021binut dup\u0103 ce \u0219i-a t\u0103iat fratele \u00een zona g\u00e2tului. Care este starea victimei"},"content":{"rendered":"<p>Inspectoratul de Poli\u0163ie al Jude\u0163ului Dolj a anun\u0163at, s\u00e2mb\u0103t\u0103, c\u0103 poli\u0163i\u015ftii au fost sesiza\u021bi, vineri dup\u0103 amiaz\u0103, de un b\u0103rbat \u00een v\u00e2rst\u0103 de 50 de ani, din comuna Ple\u015foi, c\u0103 a fost t\u0103iat \u00een zona g\u00e2tului de fratele s\u0103u.\u00a0<\/p>\n<p>\u201dLa fa\u0163a locului s-au deplasat imediat poli\u0163i\u015ftii care, din primele cercet\u0103ri, au stabilit c\u0103 \u00een jurul orelor 18.30, \u00een timp ce b\u0103rbatul de 50 de ani se afla la locuin\u0163a comun\u0103, din localitatea Ple\u015foi, \u00eempreun\u0103 cu fratele s\u0103u, un b\u0103rbat de 45 de ani, \u00een urma unor discu\u0163ii \u00een contradictoriu, ar fi fost lovit de acesta cu un obiect t\u0103ietor-\u00een\u0163ep\u0103tor, \u00een zona latero-cervical\u0103 st\u00e2ng\u0103.<\/p>\n<p>La fa\u0163a locului a fost prezent \u015fi un echipaj de ambulan\u0163\u0103 care a acordat \u00eengrijiri medicale b\u0103rbatului de 50 de ani, acesta fiind ulterior transportat la spital, unde \u00eens\u0103 nu a r\u0103mas internat\u201d, au transmis reprezentan\u021bii IPJ Dolj.\u00a0<\/p>\n<p>Potrivit oamenilor legii, b\u0103rbatul b\u0103nuit de comiterea faptei a fost dus la sediul poli\u0163iei pentru audieri.\u00a0<\/p>\n<p>Individul \u00een v\u00e2rst\u0103 de 45 de ani a fost<a href=\"https:\/\/www.realitatea.net\/stiri\/actual\/rares-tanarul-lasat-sa-moara-in-urma-unei-supradoze-de-droguri-va-fi-incinerat-dealerul-maru-a-fost-arestat_68020c0f5fab1d04f25d3eb2\" target=\"_blank\"> re\u021binut <\/a>pentru 24 de ore pentru comiterea infrac\u0163iunii de violen\u0163\u0103 \u00een familie.<\/p>","protected":false},"excerpt":{"rendered":"<p>Inspectoratul de Poli\u0163ie al Jude\u0163ului Dolj a anun\u0163at, s\u00e2mb\u0103t\u0103, c\u0103 poli\u0163i\u015ftii au fost sesiza\u021bi, vineri&hellip;<\/p>\n","protected":false},"author":0,"featured_media":48433,"comment_status":"open","ping_status":"open","sticky":false,"template":"","format":"standard","meta":{"footnotes":""},"categories":[2],"tags":[],"class_list":["post-48432","post","type-post","status-publish","format-standard","has-post-thumbnail","hentry","category-actual"],"_links":{"self":[{"href":"https:\/\/247stiri.ro\/index.php\/wp-json\/wp\/v2\/posts\/48432","targetHints":{"allow":["GET"]}}],"collection":[{"href":"https:\/\/247stiri.ro\/index.php\/wp-json\/wp\/v2\/posts"}],"about":[{"href":"https:\/\/247stiri.ro\/index.php\/wp-json\/wp\/v2\/types\/post"}],"replies":[{"embeddable":true,"href":"https:\/\/247stiri.ro\/index.php\/wp-json\/wp\/v2\/comments?post=48432"}],"version-history":[{"count":0,"href":"https:\/\/247stiri.ro\/index.php\/wp-json\/wp\/v2\/posts\/48432\/revisions"}],"wp:featuredmedia":[{"embeddable":true,"href":"https:\/\/247stiri.ro\/index.php\/wp-json\/wp\/v2\/media\/48433"}],"wp:attachment":[{"href":"https:\/\/247stiri.ro\/index.php\/wp-json\/wp\/v2\/media?parent=48432"}],"wp:term":[{"taxonomy":"category","embeddable":true,"href":"https:\/\/247stiri.ro\/index.php\/wp-json\/wp\/v2\/categories?post=48432"},{"taxonomy":"post_tag","embeddable":true,"href":"https:\/\/247stiri.ro\/index.php\/wp-json\/wp\/v2\/tags?post=48432"}],"curies":[{"name":"wp","href":"https:\/\/api.w.org\/{rel}","templated":true}]}}