{"id":48462,"date":"2025-04-19T18:45:01","date_gmt":"2025-04-19T18:45:01","guid":{"rendered":"https:\/\/247stiri.ro\/index.php\/2025\/04\/19\/turcii-discuta-cu-liderii-hamas-despre-trimiterea-de-ajutoare-umanitare-in-fasia-gaza\/"},"modified":"2025-04-19T18:45:01","modified_gmt":"2025-04-19T18:45:01","slug":"turcii-discuta-cu-liderii-hamas-despre-trimiterea-de-ajutoare-umanitare-in-fasia-gaza","status":"publish","type":"post","link":"https:\/\/247stiri.ro\/index.php\/2025\/04\/19\/turcii-discuta-cu-liderii-hamas-despre-trimiterea-de-ajutoare-umanitare-in-fasia-gaza\/","title":{"rendered":"Turcii discut\u0103 cu liderii Hamas despre trimiterea de ajutoare umanitare \u00een F\u00e2\u0219ia Gaza"},"content":{"rendered":"<p>\u0218eful serviciilor de informa\u021bii turce, Ibrahim Kalin, s-a \u00eent\u00e2lnit s\u00e2mb\u0103t\u0103 cu lideri ai Hamas pentru a discuta despre mijloace de a aduce ajutoare umanitare \u00een F\u00e2\u0219ia Gaza, unde Israelul a reluat ofensiva militar\u0103, transmite AFP.Ibrahim Kalin a discutat cu Mohammad Darwish, \u0219eful consiliului politic al Hamas, \u0219i delega\u021bia acestuia, a relatat agen\u021bia turc\u0103 Anadolu, f\u0103r\u0103 a preciza locul \u00eent\u00e2lnirii. Alte media au indicat c\u0103 aceasta s-a desf\u0103\u0219urat \u00een Turcia.Potrivit Anadolu, care citeaz\u0103 surse din domeniul securit\u0103\u021bii, au fost discutate mijloace de a aduce ajutoare umanitare, ini\u021biative viz\u00e2nd garantarea unei \u00eencet\u0103ri a focului permanente \u0219i mijloace de a contracara planurile israeliene de a deplasa \u00een mod for\u021bat popula\u021bia din Gaza.Kalin a dat asigur\u0103ri \u00een ce prive\u0219te sprijinul constant al Turciei \u0219i a afirmat c\u0103 Ankara se va opune ferm oric\u0103rei noi tentative de ocupare sau de anexare de teritorii palestiniene.Dup\u0103 18 luni de r\u0103zboi devastator \u0219i o blocad\u0103 impus\u0103 din 2 martie de Israel ajutorului umanitar pentru Gaza, Na\u021biunile Unite consider\u0103 c\u0103 enclava palestinian\u0103 se confrunt\u0103 cu cea mai grav\u0103 criz\u0103 umanitar\u0103 de la \u00eenceputul conflictului.Joi, Hamas a acuzat Israelul c\u0103 folose\u0219te &#8216;foametea ca o arm\u0103&#8217;, bloc\u00e2nd intrarea ajutoarelor. Israelul s-a ar\u0103tat \u00eens\u0103 decis s\u0103 continue s\u0103 blocheze ajutorul umanitar, spun\u00e2nd c\u0103 este singura cale de a for\u021ba Hamas s\u0103-i elibereze pe cei 58 de ostatici afla\u021bi \u00eenc\u0103 \u00een Gaza.Potrivit Ministerului S\u0103n\u0103t\u0103\u021bii din Gaza, cel pu\u021bin 1.691 palestinieni au fost uci\u0219i de la reluarea ofensivei israeliene pe 18 martie, ridic\u00e2nd la 51.065 num\u0103rul total.<\/p>","protected":false},"excerpt":{"rendered":"<p>\u0218eful serviciilor de informa\u021bii turce, Ibrahim Kalin, s-a \u00eent\u00e2lnit s\u00e2mb\u0103t\u0103 cu lideri ai Hamas pentru&hellip;<\/p>\n","protected":false},"author":0,"featured_media":48459,"comment_status":"open","ping_status":"open","sticky":false,"template":"","format":"standard","meta":{"footnotes":""},"categories":[2],"tags":[],"class_list":["post-48462","post","type-post","status-publish","format-standard","has-post-thumbnail","hentry","category-actual"],"_links":{"self":[{"href":"https:\/\/247stiri.ro\/index.php\/wp-json\/wp\/v2\/posts\/48462","targetHints":{"allow":["GET"]}}],"collection":[{"href":"https:\/\/247stiri.ro\/index.php\/wp-json\/wp\/v2\/posts"}],"about":[{"href":"https:\/\/247stiri.ro\/index.php\/wp-json\/wp\/v2\/types\/post"}],"replies":[{"embeddable":true,"href":"https:\/\/247stiri.ro\/index.php\/wp-json\/wp\/v2\/comments?post=48462"}],"version-history":[{"count":0,"href":"https:\/\/247stiri.ro\/index.php\/wp-json\/wp\/v2\/posts\/48462\/revisions"}],"wp:featuredmedia":[{"embeddable":true,"href":"https:\/\/247stiri.ro\/index.php\/wp-json\/wp\/v2\/media\/48459"}],"wp:attachment":[{"href":"https:\/\/247stiri.ro\/index.php\/wp-json\/wp\/v2\/media?parent=48462"}],"wp:term":[{"taxonomy":"category","embeddable":true,"href":"https:\/\/247stiri.ro\/index.php\/wp-json\/wp\/v2\/categories?post=48462"},{"taxonomy":"post_tag","embeddable":true,"href":"https:\/\/247stiri.ro\/index.php\/wp-json\/wp\/v2\/tags?post=48462"}],"curies":[{"name":"wp","href":"https:\/\/api.w.org\/{rel}","templated":true}]}}