{"id":48468,"date":"2025-04-19T19:44:53","date_gmt":"2025-04-19T19:44:53","guid":{"rendered":"https:\/\/247stiri.ro\/index.php\/2025\/04\/19\/comisia-europeana-cere-garantii-ca-rusia-va-respecta-armistitiul-privind-incetarea-focului-de-paste\/"},"modified":"2025-04-19T19:44:53","modified_gmt":"2025-04-19T19:44:53","slug":"comisia-europeana-cere-garantii-ca-rusia-va-respecta-armistitiul-privind-incetarea-focului-de-paste","status":"publish","type":"post","link":"https:\/\/247stiri.ro\/index.php\/2025\/04\/19\/comisia-europeana-cere-garantii-ca-rusia-va-respecta-armistitiul-privind-incetarea-focului-de-paste\/","title":{"rendered":"Comisia European\u0103 cere garan\u021bii c\u0103 Rusia va respecta armisti\u021biul privind \u00eencetarea focului de Pa\u0219te"},"content":{"rendered":"<p>Comisia European\u0103 a reac\u021bionat cu pruden\u021b\u0103 la anun\u021bul pre\u0219edintelui rus Vladimir Putin de declarare a unei\u00a0\u00eencet\u0103ri unilaterale de 30 de ore a focului \u00een Ucraina de Pa\u0219te, Bruxellesul afirm\u00e2nd c\u0103 Moscova ar putea s\u0103 pun\u0103 cap\u0103t imediat r\u0103zboiului dac\u0103 ar vrea, transmite Reuters.&#8217;Rusia are un istoric ca agresor, a\u0219adar trebuie mai \u00eent\u00e2i s\u0103 vedem o \u00eencetare efectiv\u0103 a agresiunii \u0219i ac\u021biuni clare pentru o \u00eencetare a focului durabil\u0103&#8217;, a declarat Anitta Hipper, purt\u0103toare de cuv\u00e2nt principal\u0103 a Comisiei Europene pentru afaceri externe \u0219i securitate.Hipper a ad\u0103ugat c\u0103 a trecut mai mult de o lun\u0103 de c\u00e2nd Ucraina a acceptat o \u00eencetare a focului necondi\u021bionat\u0103.&#8217;Rusia ar putea s\u0103 opreasc\u0103 acest r\u0103zboi \u00een orice moment dac\u0103 ar vrea cu adev\u0103rat&#8230; Continu\u0103m s\u0103 sprijinim Ucraina pentru o pace durabil\u0103, just\u0103 \u0219i cuprinz\u0103toare&#8217;, a mai declarat purt\u0103toarea de cuv\u00e2nt a executivului UE.<\/p>","protected":false},"excerpt":{"rendered":"<p>Comisia European\u0103 a reac\u021bionat cu pruden\u021b\u0103 la anun\u021bul pre\u0219edintelui rus Vladimir Putin de declarare a&hellip;<\/p>\n","protected":false},"author":0,"featured_media":48467,"comment_status":"open","ping_status":"open","sticky":false,"template":"","format":"standard","meta":{"footnotes":""},"categories":[2],"tags":[],"class_list":["post-48468","post","type-post","status-publish","format-standard","has-post-thumbnail","hentry","category-actual"],"_links":{"self":[{"href":"https:\/\/247stiri.ro\/index.php\/wp-json\/wp\/v2\/posts\/48468","targetHints":{"allow":["GET"]}}],"collection":[{"href":"https:\/\/247stiri.ro\/index.php\/wp-json\/wp\/v2\/posts"}],"about":[{"href":"https:\/\/247stiri.ro\/index.php\/wp-json\/wp\/v2\/types\/post"}],"replies":[{"embeddable":true,"href":"https:\/\/247stiri.ro\/index.php\/wp-json\/wp\/v2\/comments?post=48468"}],"version-history":[{"count":0,"href":"https:\/\/247stiri.ro\/index.php\/wp-json\/wp\/v2\/posts\/48468\/revisions"}],"wp:featuredmedia":[{"embeddable":true,"href":"https:\/\/247stiri.ro\/index.php\/wp-json\/wp\/v2\/media\/48467"}],"wp:attachment":[{"href":"https:\/\/247stiri.ro\/index.php\/wp-json\/wp\/v2\/media?parent=48468"}],"wp:term":[{"taxonomy":"category","embeddable":true,"href":"https:\/\/247stiri.ro\/index.php\/wp-json\/wp\/v2\/categories?post=48468"},{"taxonomy":"post_tag","embeddable":true,"href":"https:\/\/247stiri.ro\/index.php\/wp-json\/wp\/v2\/tags?post=48468"}],"curies":[{"name":"wp","href":"https:\/\/api.w.org\/{rel}","templated":true}]}}