{"id":485,"date":"2024-10-21T08:53:24","date_gmt":"2024-10-21T08:53:24","guid":{"rendered":"https:\/\/247stiri.ro\/index.php\/2024\/10\/21\/cate-zile-libere-de-la-stat-vor-avea-romanii-in-2025-calendarul-complet-al-mini-vacantelor-in-anul-ce-vine\/"},"modified":"2024-10-21T08:53:24","modified_gmt":"2024-10-21T08:53:24","slug":"cate-zile-libere-de-la-stat-vor-avea-romanii-in-2025-calendarul-complet-al-mini-vacantelor-in-anul-ce-vine","status":"publish","type":"post","link":"https:\/\/247stiri.ro\/index.php\/2024\/10\/21\/cate-zile-libere-de-la-stat-vor-avea-romanii-in-2025-calendarul-complet-al-mini-vacantelor-in-anul-ce-vine\/","title":{"rendered":"C\u00e2te zile libere de la stat vor avea rom\u00e2nii \u00een 2025. Calendarul complet al mini-vacan\u021belor \u00een anul ce vine"},"content":{"rendered":"<p>\u00cen anul ce urmeaz\u0103 rom\u00e2nii se vor bucura de mai multe zile libere dec\u00e2t \u00een anul 2024. Iat\u0103 cum va ar\u0103ta calendarul liberelor de la stat, dar \u0219i c\u00e2nd se vor putea bucura de mini-vacan\u021be.\u00a0<\/p>\n<p>Angaja\u021bii care sunt nevoi\u021bi, \u00een anumite sectoare de activitate, s\u0103 lucreze \u00een zilele libere consfin\u021bite prin lege, au dreptul s\u0103 solicite recompensarea la salariu sau alte zile libere, la cerere, \u00een urm\u0103toarele 30 de zile calendaristice.<\/p>\n<p>Zile libere \u00een 2025 \u2013 marile s\u0103rb\u0103tori cre\u0219tine \u0219i na\u021bionale<\/p>\n<p>1 ianuarie, miercuri \u2013 Anul Nou<\/p>\n<p>2 ianuarie, joi \u2013 a doua zi de Anul Nou<\/p>\n<p>6 ianuarie, luni \u2013 Boboteaza<\/p>\n<p>7 ianuarie, mar\u021bi \u2013 Sf\u00e2ntul Ioan Botez\u0103torul<\/p>\n<p>24 ianuarie, vineri \u2013 Ziua Principatelor Rom\u00e2ne (Mica Unire)<\/p>\n<p>18 aprilie, vineri \u2013 Vinerea mare<\/p>\n<p>20 aprilie, duminic\u0103 \u2013 Pa\u0219tele ortodox \u0219i Pa\u0219tele catolic \u00een 2025<\/p>\n<p>21 aprilie, luni \u2013 a doua zi de Pa\u0219te<\/p>\n<p>1 mai, joi \u2013 Ziua Muncii<\/p>\n<p>1 iunie, duminic\u0103 \u2013 Ziua Copilului<\/p>\n<p>8 iunie, duminic\u0103 \u2013 Rusaliile<\/p>\n<p>9 iunie, luni \u2013 a doua zi de Rusalii<\/p>\n<p>15 august, vineri \u2013 Adormirea Maicii Domnului<\/p>\n<p>30 noiembrie, duminic\u0103 \u2013 Sf\u00e2ntul Andrei<\/p>\n<p>1 decembrie, luni \u2013 Ziua Na\u021bional\u0103 a Rom\u00e2niei<\/p>\n<p>25 decembrie, joi \u2013 Cr\u0103ciunul<\/p>\n<p>26 decembrie, vineri \u2013 a doua zi de Cr\u0103ciun<\/p>\n<p>Minivacan\u021be \u00een timpul anului 2025Minivacan\u021ba de iarn\u0103, mai lung\u0103 dec\u00e2t \u00een 2024<\/p>\n<p>Zilele de 1 ianuarie \u0219i 2 ianuarie vor fi zile libere.\u00a0 Acest interval coincide \u0219i cu vacan\u021ba elevilor, conform programei \u0219colare din anul 2024 \u2013 2025.<\/p>\n<p>Zilele de 4 \u0219i 5 ianuarie vor fi \u00een weekend \u0219i vor fi urmate de cele dou\u0103 mari s\u0103rb\u0103tori religioase, Boboteaza \u0219i Sf\u00e2ntul Ion, astfel c\u0103 cei mai mul\u021bi rom\u00e2ni se vor \u00eentoarce la munc\u0103 pe data de 8 ianuarie 2025, miercuri.<\/p>\n<p>Minivacan\u021ba de Pa\u0219te<\/p>\n<p>Pa\u0219tele ortodox \u0219i Pa\u0219tele catolic vor fi s\u0103rb\u0103torite \u00een aceea\u0219i zi \u00een anul 2025, \u0219i anume pe data de 20 aprilie. To\u021bi lucr\u0103torii se vor bucura de o scurt\u0103 vacan\u021b\u0103 de Pa\u0219te \u00eencep\u00e2nd cu Vinerea Mare, din data de 18 aprilie, p\u00e2n\u0103 a doua zi de Pa\u0219te pe data de 21 aprilie. Cei mai mul\u021bi lucr\u0103tori se vor \u00eentoarce la munc\u0103 mar\u021bi, pe data de 22 aprilie. \u00a0<\/p>\n<p>Minivacan\u021ba de Sf\u00e2nt\u0103 M\u0103rie<\/p>\n<p>O alt\u0103 oportunitate \u00een care ne putem bucura de un weekend liber prelungit va fi \u00een perioada 15 \u2013 17 august. Pe data de 15 august 2025, vineri, vom s\u0103rb\u0103tori Sf\u00e2nta Maria Mare sau Adormirea Maicii Domnului, s\u0103rb\u0103toare cre\u0219tin\u0103 \u0219i totodat\u0103 s\u0103rb\u0103toare na\u021bional\u0103.<\/p>\n<p>Decembrie 2025 \u2013 Ianuarie 2026\u00a0<\/p>\n<p>Cr\u0103ciunul 2025 va fi s\u0103rb\u0103torit pe data de 25 decembrie care este \u00eentr-o zi de joi. Ca \u00een fiecare an, a doua zi de Cr\u0103ciun, pe data de 26 decembrie, nu se lucreaz\u0103. A\u0219adar, rom\u00e2nii se vor bucura de o scurt\u0103 vacan\u021b\u0103 \u00eentre 25 decembrie 2025 (joi) \u0219i 28 decembrie (duminic\u0103). Unii lucr\u0103tori se vor \u00eentoarce la munc\u0103 luni, pe data de 29 decembrie, dar cei mai mul\u021bi rom\u00e2ni vor beneficia de o vacan\u021b\u0103 de S\u0103rb\u0103tori prelungit\u0103 p\u00e2n\u0103 pe data de 5 ianuarie 2026.<\/p>\n<p><a href=\"https:\/\/www.realitatea.net\/stiri\/actual\/cand-incepe-postul-craciunului-in-2024-zilele-cu-dezlegare-la-peste_6716096b83a4046dba09a232\" target=\"_blank\" rel=\"noopener\">C\u00e2nd \u00eencepe Postul Cr\u0103ciunului \u00een 2024. Zilele cu dezlegare la pe\u0219te<\/a><\/p>","protected":false},"excerpt":{"rendered":"<p>\u00cen anul ce urmeaz\u0103 rom\u00e2nii se vor bucura de mai multe zile libere dec\u00e2t \u00een&hellip;<\/p>\n","protected":false},"author":0,"featured_media":458,"comment_status":"open","ping_status":"open","sticky":false,"template":"","format":"standard","meta":{"footnotes":""},"categories":[2],"tags":[],"class_list":["post-485","post","type-post","status-publish","format-standard","has-post-thumbnail","hentry","category-actual"],"_links":{"self":[{"href":"https:\/\/247stiri.ro\/index.php\/wp-json\/wp\/v2\/posts\/485","targetHints":{"allow":["GET"]}}],"collection":[{"href":"https:\/\/247stiri.ro\/index.php\/wp-json\/wp\/v2\/posts"}],"about":[{"href":"https:\/\/247stiri.ro\/index.php\/wp-json\/wp\/v2\/types\/post"}],"replies":[{"embeddable":true,"href":"https:\/\/247stiri.ro\/index.php\/wp-json\/wp\/v2\/comments?post=485"}],"version-history":[{"count":0,"href":"https:\/\/247stiri.ro\/index.php\/wp-json\/wp\/v2\/posts\/485\/revisions"}],"wp:featuredmedia":[{"embeddable":true,"href":"https:\/\/247stiri.ro\/index.php\/wp-json\/wp\/v2\/media\/458"}],"wp:attachment":[{"href":"https:\/\/247stiri.ro\/index.php\/wp-json\/wp\/v2\/media?parent=485"}],"wp:term":[{"taxonomy":"category","embeddable":true,"href":"https:\/\/247stiri.ro\/index.php\/wp-json\/wp\/v2\/categories?post=485"},{"taxonomy":"post_tag","embeddable":true,"href":"https:\/\/247stiri.ro\/index.php\/wp-json\/wp\/v2\/tags?post=485"}],"curies":[{"name":"wp","href":"https:\/\/api.w.org\/{rel}","templated":true}]}}