{"id":48517,"date":"2025-04-20T07:44:49","date_gmt":"2025-04-20T07:44:49","guid":{"rendered":"https:\/\/247stiri.ro\/index.php\/2025\/04\/20\/vladimir-putin-a-participat-la-slujba-de-paste-oficiata-de-patriarhul-kirill-presedintele-rusiei-s-a-rugat-si-inchinat\/"},"modified":"2025-04-20T07:44:49","modified_gmt":"2025-04-20T07:44:49","slug":"vladimir-putin-a-participat-la-slujba-de-paste-oficiata-de-patriarhul-kirill-presedintele-rusiei-s-a-rugat-si-inchinat","status":"publish","type":"post","link":"https:\/\/247stiri.ro\/index.php\/2025\/04\/20\/vladimir-putin-a-participat-la-slujba-de-paste-oficiata-de-patriarhul-kirill-presedintele-rusiei-s-a-rugat-si-inchinat\/","title":{"rendered":"Vladimir Putin a participat la slujba de Pa\u0219te oficiat\u0103 de Patriarhul Kirill. Pre\u0219edintele Rusiei s-a rugat \u0219i \u00eenchinat"},"content":{"rendered":"<p>La c\u00e2teva ore dup\u0103 ce a declarat o \u00eencetare unilateral\u0103 a focului de Pa\u015fte, despre care Kievul a spus c\u0103 nu a fost respectat\u0103, luptele pe linia frontului continu\u00e2nd, Putin \u015fi Sobianin au stat \u00een principala biseric\u0103 din Moscova, Catedrala lui Hristos M\u00e2ntuitorul, \u00een timp ce Kirill a condus o procesiune, potrivit unei \u00eenregistrari video a slujbei.<\/p>\n<p>\u0162in\u00e2nd aprins\u0103 o lum\u00e2nare ro\u015fie sub\u0163ire \u015fi \u00eembr\u0103cat \u00eentr-un costum \u00eenchis la culoare, o c\u0103ma\u015f\u0103 alb\u0103 \u015fi o cravat\u0103 ro\u015fie ca \u015fi \u00een anii trecu\u0163i, liderul rus \u015fi-a f\u0103cut cruce de mai multe ori c\u00e2nd Kirill a anun\u0163at \u201eHristos a \u00eenviat\u201d.<\/p>\n<p>La slujb\u0103, Krill a cerut ca \u201epacea durabil\u0103 \u015fi just\u0103 s\u0103 poat\u0103 fi stabilit\u0103 \u00een vastele \u00eentinderi ale Rusiei istorice\u201d, a relatat agen\u0163ia de \u015ftiri de stat RIA, o referire la un teritoriu medieval care cuprindea p\u0103r\u0163i din ceea ce este acum Ucraina, Belarus \u015fi Rusia.<\/p>\n<p>\u201eC\u00e2t de minunat se spunea, nu face r\u0103u altuia \u015fi nu te purta cu al\u0163ii a\u015fa cum nu ai vrea s\u0103 se poarte ei cu tine\u201d, a declarat Kirill, citat de agen\u0163ia TASS.<\/p>\n<p>\u201eDac\u0103 oamenii ar adera la aceast\u0103 porunc\u0103 de s\u0103rb\u0103tori, atunci via\u0163a ar fi complet diferit\u0103: via\u0163a familial\u0103 \u015fi social\u0103 \u015fi &#8211; permite\u0163i-mi s\u0103 spun asta &#8211; interguvernamental\u0103\u201d, a completat \u015feful Bisericii Ortodoxe Ruse.<\/p>","protected":false},"excerpt":{"rendered":"<p>La c\u00e2teva ore dup\u0103 ce a declarat o \u00eencetare unilateral\u0103 a focului de Pa\u015fte, despre&hellip;<\/p>\n","protected":false},"author":0,"featured_media":48510,"comment_status":"open","ping_status":"open","sticky":false,"template":"","format":"standard","meta":{"footnotes":""},"categories":[2],"tags":[],"class_list":["post-48517","post","type-post","status-publish","format-standard","has-post-thumbnail","hentry","category-actual"],"_links":{"self":[{"href":"https:\/\/247stiri.ro\/index.php\/wp-json\/wp\/v2\/posts\/48517","targetHints":{"allow":["GET"]}}],"collection":[{"href":"https:\/\/247stiri.ro\/index.php\/wp-json\/wp\/v2\/posts"}],"about":[{"href":"https:\/\/247stiri.ro\/index.php\/wp-json\/wp\/v2\/types\/post"}],"replies":[{"embeddable":true,"href":"https:\/\/247stiri.ro\/index.php\/wp-json\/wp\/v2\/comments?post=48517"}],"version-history":[{"count":0,"href":"https:\/\/247stiri.ro\/index.php\/wp-json\/wp\/v2\/posts\/48517\/revisions"}],"wp:featuredmedia":[{"embeddable":true,"href":"https:\/\/247stiri.ro\/index.php\/wp-json\/wp\/v2\/media\/48510"}],"wp:attachment":[{"href":"https:\/\/247stiri.ro\/index.php\/wp-json\/wp\/v2\/media?parent=48517"}],"wp:term":[{"taxonomy":"category","embeddable":true,"href":"https:\/\/247stiri.ro\/index.php\/wp-json\/wp\/v2\/categories?post=48517"},{"taxonomy":"post_tag","embeddable":true,"href":"https:\/\/247stiri.ro\/index.php\/wp-json\/wp\/v2\/tags?post=48517"}],"curies":[{"name":"wp","href":"https:\/\/api.w.org\/{rel}","templated":true}]}}