{"id":48520,"date":"2025-04-20T07:44:50","date_gmt":"2025-04-20T07:44:50","guid":{"rendered":"https:\/\/247stiri.ro\/index.php\/2025\/04\/20\/prima-zi-de-paste-a-adus-temperaturi-de-vara-noua-prognoza\/"},"modified":"2025-04-20T07:44:50","modified_gmt":"2025-04-20T07:44:50","slug":"prima-zi-de-paste-a-adus-temperaturi-de-vara-noua-prognoza","status":"publish","type":"post","link":"https:\/\/247stiri.ro\/index.php\/2025\/04\/20\/prima-zi-de-paste-a-adus-temperaturi-de-vara-noua-prognoza\/","title":{"rendered":"Prima zi de Pa\u0219te a adus temperaturi de var\u0103. Noua prognoz\u0103"},"content":{"rendered":"<p>\u201eAst\u0103zi ne bucur\u0103m de vreme cald\u0103 \u00een toat\u0103 \u021bara, pentru c\u0103 maximele se vor situa la valori de p\u00e2n\u0103 la 25, posibil 26 de grade \u00een partea de S-V a \u021b\u0103rii, mai precis \u00een S Banatului \u0219i V Olteniei cu 18-20 de grade pe litoral, chiar \u0219i \u00een Capital\u0103 o maxim\u0103 \u00een jurul a 23-24 de grade.<\/p>\n<p>Posibil pe sear\u0103 \u00een Carpa\u021bii Orientali, dar \u0219i Meridionali s\u0103 vorbim de posibilitatea de a avea averse locale \u00eens\u0103 ne\u00eensemnate cantitativ.<\/p>\n<p>A\u0219adar, ast\u0103zi \u0219i chiar \u0219i m\u00e2ine, a doua zi a s\u0103rb\u0103torilor pascale o vreme \u00een continuare cald\u0103, m\u00e2ine chiar valori p\u00e2n\u0103 la 27 de grade pe litoral \u00een continuare valori de 18-19 grade.<\/p>\n<p>Chiar \u0219i \u00een Capital\u0103 m\u00e2ine temperatura se va apropia de o zi de var\u0103 \u0219i anume 25 de grade Celsius.<\/p>\n<p>Astfel toat\u0103 s\u0103pt\u0103m\u00e2na a\u0219a cum arat\u0103 estim\u0103rile pentru a doua parte a lunii aprilie, vorbim de o perioad\u0103 cu temperaturi ce vor caracteriza o vreme mai cald\u0103 dec\u00e2t \u00een mod obi\u0219nuit, pentru c\u0103 cu mici varia\u021bii de la o zi la alta temperaturile vor fi cuprinse \u00eentre 15 p\u00e2n\u0103 la 25-26 de grade, iar minimele cresc \u0219i ele pe parcursul nop\u021bilor \u0219i dimine\u021bilor \u00eentre 3 p\u00e2n\u0103 la 13-14 grade Celsius.\u201d, a declarat directorul ANM, Elena Mateescu.<\/p>","protected":false},"excerpt":{"rendered":"<p>\u201eAst\u0103zi ne bucur\u0103m de vreme cald\u0103 \u00een toat\u0103 \u021bara, pentru c\u0103 maximele se vor situa&hellip;<\/p>\n","protected":false},"author":0,"featured_media":48521,"comment_status":"open","ping_status":"open","sticky":false,"template":"","format":"standard","meta":{"footnotes":""},"categories":[2],"tags":[],"class_list":["post-48520","post","type-post","status-publish","format-standard","has-post-thumbnail","hentry","category-actual"],"_links":{"self":[{"href":"https:\/\/247stiri.ro\/index.php\/wp-json\/wp\/v2\/posts\/48520","targetHints":{"allow":["GET"]}}],"collection":[{"href":"https:\/\/247stiri.ro\/index.php\/wp-json\/wp\/v2\/posts"}],"about":[{"href":"https:\/\/247stiri.ro\/index.php\/wp-json\/wp\/v2\/types\/post"}],"replies":[{"embeddable":true,"href":"https:\/\/247stiri.ro\/index.php\/wp-json\/wp\/v2\/comments?post=48520"}],"version-history":[{"count":0,"href":"https:\/\/247stiri.ro\/index.php\/wp-json\/wp\/v2\/posts\/48520\/revisions"}],"wp:featuredmedia":[{"embeddable":true,"href":"https:\/\/247stiri.ro\/index.php\/wp-json\/wp\/v2\/media\/48521"}],"wp:attachment":[{"href":"https:\/\/247stiri.ro\/index.php\/wp-json\/wp\/v2\/media?parent=48520"}],"wp:term":[{"taxonomy":"category","embeddable":true,"href":"https:\/\/247stiri.ro\/index.php\/wp-json\/wp\/v2\/categories?post=48520"},{"taxonomy":"post_tag","embeddable":true,"href":"https:\/\/247stiri.ro\/index.php\/wp-json\/wp\/v2\/tags?post=48520"}],"curies":[{"name":"wp","href":"https:\/\/api.w.org\/{rel}","templated":true}]}}