{"id":48540,"date":"2025-04-20T08:44:51","date_gmt":"2025-04-20T08:44:51","guid":{"rendered":"https:\/\/247stiri.ro\/index.php\/2025\/04\/20\/papa-francisc-asteptat-sa-apara-public-de-paste-in-ciuda-incertitudinilor-privind-starea-sa-de-sanatate\/"},"modified":"2025-04-20T08:44:51","modified_gmt":"2025-04-20T08:44:51","slug":"papa-francisc-asteptat-sa-apara-public-de-paste-in-ciuda-incertitudinilor-privind-starea-sa-de-sanatate","status":"publish","type":"post","link":"https:\/\/247stiri.ro\/index.php\/2025\/04\/20\/papa-francisc-asteptat-sa-apara-public-de-paste-in-ciuda-incertitudinilor-privind-starea-sa-de-sanatate\/","title":{"rendered":"Papa Francisc, a\u015fteptat s\u0103 apar\u0103 public de Pa\u015fte, \u00een ciuda incertitudinilor privind starea sa de s\u0103n\u0103tate"},"content":{"rendered":"<p>Papa \u00een v\u00e2rst\u0103 de 88 de ani, aflat \u00een convalescen\u0163\u0103 de o lun\u0103 dup\u0103 ce a suferit de o pneumonie grav\u0103, ar putea ap\u0103rea la ora local\u0103 12:00 (13:00, ora Rom\u00e2niei) \u00een balconul Bazilicii Sf\u00e2ntul Petru din Roma pentru a da tradi\u0163ionala binecuv\u00e2ntare \u201eUrbi et Orbi\u201d (C\u0103tre ora\u015f \u015fi lume), transmis\u0103 \u00een \u00eentreaga lume.<\/p>\n<p>Biroul de pres\u0103 al Sf\u00e2ntului Scaun a declarat c\u0103 Sf\u00e2ntul P\u0103rinte inten\u0163ioneaz\u0103 s\u0103 participe, dar nu a confirmat acest lucru, preciz\u00e2nd c\u0103 va depinde de starea sa de s\u0103n\u0103tate \u015fi de vreme.\u00cenc\u0103 sl\u0103bit \u015fi cu dificult\u0103\u0163i \u00een a vorbi, \u00een ciuda unei \u00eembun\u0103t\u0103\u0163iri a capacit\u0103\u0163ii sale respiratorii, Papa Francisc, dac\u0103 va ap\u0103rea, este de a\u015fteptat s\u0103 delege unui colaborator citirea textului s\u0103u, \u00een care trece \u00een general \u00een revist\u0103 conflictele \u015fi crizele din lume.<\/p>\n<p>Liturghia de Pa\u015fte, care celebreaz\u0103 \u00eenvierea lui Hristos, va avea loc duminic\u0103 la 08:30 GMT (11.30, ora Rom\u00e2niei) \u00een Pia\u0163a Sf\u00e2ntul Petru, decorat\u0103 cu mii de flori olandeze \u015fi la care vor participa aproximativ 300 de preo\u0163i, episcopi \u015fi cardinali.<\/p>\n<p>Dac\u0103 va ap\u0103rea, Papa Francisc s-ar putea \u00eent\u00e2lni cu vicepre\u015fedintele american JD Vance, care a fost primit s\u00e2mb\u0103t\u0103 de cardinalul Parolin, Nr.2 al Sf\u00e2ntului Scaun, la dou\u0103 luni dup\u0103 tensiunile diplomatice din jurul criticilor papei la adresa politicii antiimigran\u0163i a administra\u0163iei Trump.<\/p>","protected":false},"excerpt":{"rendered":"<p>Papa \u00een v\u00e2rst\u0103 de 88 de ani, aflat \u00een convalescen\u0163\u0103 de o lun\u0103 dup\u0103 ce&hellip;<\/p>\n","protected":false},"author":0,"featured_media":48533,"comment_status":"open","ping_status":"open","sticky":false,"template":"","format":"standard","meta":{"footnotes":""},"categories":[2],"tags":[],"class_list":["post-48540","post","type-post","status-publish","format-standard","has-post-thumbnail","hentry","category-actual"],"_links":{"self":[{"href":"https:\/\/247stiri.ro\/index.php\/wp-json\/wp\/v2\/posts\/48540","targetHints":{"allow":["GET"]}}],"collection":[{"href":"https:\/\/247stiri.ro\/index.php\/wp-json\/wp\/v2\/posts"}],"about":[{"href":"https:\/\/247stiri.ro\/index.php\/wp-json\/wp\/v2\/types\/post"}],"replies":[{"embeddable":true,"href":"https:\/\/247stiri.ro\/index.php\/wp-json\/wp\/v2\/comments?post=48540"}],"version-history":[{"count":0,"href":"https:\/\/247stiri.ro\/index.php\/wp-json\/wp\/v2\/posts\/48540\/revisions"}],"wp:featuredmedia":[{"embeddable":true,"href":"https:\/\/247stiri.ro\/index.php\/wp-json\/wp\/v2\/media\/48533"}],"wp:attachment":[{"href":"https:\/\/247stiri.ro\/index.php\/wp-json\/wp\/v2\/media?parent=48540"}],"wp:term":[{"taxonomy":"category","embeddable":true,"href":"https:\/\/247stiri.ro\/index.php\/wp-json\/wp\/v2\/categories?post=48540"},{"taxonomy":"post_tag","embeddable":true,"href":"https:\/\/247stiri.ro\/index.php\/wp-json\/wp\/v2\/tags?post=48540"}],"curies":[{"name":"wp","href":"https:\/\/api.w.org\/{rel}","templated":true}]}}