{"id":48564,"date":"2025-04-20T10:44:55","date_gmt":"2025-04-20T10:44:55","guid":{"rendered":"https:\/\/247stiri.ro\/index.php\/2025\/04\/20\/papa-francisc-a-aparut-in-piata-sfantul-petru-suveranul-pontif-s-a-intalnit-duminica-dimineata-cu-vicepresedinte-jd-vance\/"},"modified":"2025-04-20T10:44:55","modified_gmt":"2025-04-20T10:44:55","slug":"papa-francisc-a-aparut-in-piata-sfantul-petru-suveranul-pontif-s-a-intalnit-duminica-dimineata-cu-vicepresedinte-jd-vance","status":"publish","type":"post","link":"https:\/\/247stiri.ro\/index.php\/2025\/04\/20\/papa-francisc-a-aparut-in-piata-sfantul-petru-suveranul-pontif-s-a-intalnit-duminica-dimineata-cu-vicepresedinte-jd-vance\/","title":{"rendered":"Papa Francisc a ap\u0103rut \u00een Pia\u0163a Sf\u00e2ntul Petru. Suveranul Pontif s-a \u00eent\u00e2lnit duminic\u0103 diminea\u021ba cu vicepre\u015fedinte JD Vance"},"content":{"rendered":"<p>Zeci de mii de catolici s-au adunat la Roma pentru slujba de Pa\u015fte \u00een timpul acestui an jubiliar special, care are loc la fiecare 25 de ani \u015fi c\u00e2nd milioane de pelerini vin la Vatican.<\/p>\n<p>Nu se \u015ftie deocamdat\u0103 dac\u0103 Suveranul Pontif, \u00een v\u00e2rst\u0103 de 88 de ani, se va al\u0103tura \u015fi slujbei. El a fost externat din spital luna trecut\u0103, dup\u0103 cinci s\u0103pt\u0103m\u00e2ni de tratament pentru o infec\u0163ie care a dus la dubl\u0103 pneumonie.<\/p>\n<p>Pentru prima dat\u0103 de c\u00e2nd a devenit pap\u0103 \u00een 2013, Papa a lipsit de la majoritatea evenimentelor din S\u0103pt\u0103m\u00e2na Sf\u00e2nt\u0103, inclusiv de la priveghiul pascal de s\u00e2mb\u0103t\u0103 din Bazilica Sf\u00e2ntul Petru, unde \u015fi-a delegat atribu\u0163iile cardinalilor. Dar, \u00een timpul unei scurte apari\u0163ii \u00een interiorul bazilicii \u00een acea zi, el s-a rugat \u015fi a oferit dulciuri copiilor.<\/p>\n<p>Anterior, duminic\u0103 diminea\u0163a, Papa Francisc a avut o \u00eent\u00e2lnire privat\u0103 la Vatican cu vicepre\u015fedintele american JD Vance, a anun\u0163at Vaticanul \u00eentr-un comunicat.<\/p>\n<p>Vance, un catolic care a intrat \u00een conflict cu pontiful cu privire la politicile de imigrare ale administra\u0163iei Trump, s-a \u00eent\u00e2lnit cu Francisc la re\u015fedin\u0163a sa de la Vatican pentru a-i transmite ur\u0103ri de Pa\u015fte, se arat\u0103 \u00een comunicat.<\/p>\n<p>\u00a0<\/p>","protected":false},"excerpt":{"rendered":"<p>Zeci de mii de catolici s-au adunat la Roma pentru slujba de Pa\u015fte \u00een timpul&hellip;<\/p>\n","protected":false},"author":0,"featured_media":48562,"comment_status":"open","ping_status":"open","sticky":false,"template":"","format":"standard","meta":{"footnotes":""},"categories":[2],"tags":[],"class_list":["post-48564","post","type-post","status-publish","format-standard","has-post-thumbnail","hentry","category-actual"],"_links":{"self":[{"href":"https:\/\/247stiri.ro\/index.php\/wp-json\/wp\/v2\/posts\/48564","targetHints":{"allow":["GET"]}}],"collection":[{"href":"https:\/\/247stiri.ro\/index.php\/wp-json\/wp\/v2\/posts"}],"about":[{"href":"https:\/\/247stiri.ro\/index.php\/wp-json\/wp\/v2\/types\/post"}],"replies":[{"embeddable":true,"href":"https:\/\/247stiri.ro\/index.php\/wp-json\/wp\/v2\/comments?post=48564"}],"version-history":[{"count":0,"href":"https:\/\/247stiri.ro\/index.php\/wp-json\/wp\/v2\/posts\/48564\/revisions"}],"wp:featuredmedia":[{"embeddable":true,"href":"https:\/\/247stiri.ro\/index.php\/wp-json\/wp\/v2\/media\/48562"}],"wp:attachment":[{"href":"https:\/\/247stiri.ro\/index.php\/wp-json\/wp\/v2\/media?parent=48564"}],"wp:term":[{"taxonomy":"category","embeddable":true,"href":"https:\/\/247stiri.ro\/index.php\/wp-json\/wp\/v2\/categories?post=48564"},{"taxonomy":"post_tag","embeddable":true,"href":"https:\/\/247stiri.ro\/index.php\/wp-json\/wp\/v2\/tags?post=48564"}],"curies":[{"name":"wp","href":"https:\/\/api.w.org\/{rel}","templated":true}]}}