{"id":48566,"date":"2025-04-20T10:44:56","date_gmt":"2025-04-20T10:44:56","guid":{"rendered":"https:\/\/247stiri.ro\/index.php\/2025\/04\/20\/un-barbat-aflat-la-1700-metri-altitudine-in-muntii-maramuresului-a-solicitat-ajutor-autoritatilor\/"},"modified":"2025-04-20T10:44:56","modified_gmt":"2025-04-20T10:44:56","slug":"un-barbat-aflat-la-1700-metri-altitudine-in-muntii-maramuresului-a-solicitat-ajutor-autoritatilor","status":"publish","type":"post","link":"https:\/\/247stiri.ro\/index.php\/2025\/04\/20\/un-barbat-aflat-la-1700-metri-altitudine-in-muntii-maramuresului-a-solicitat-ajutor-autoritatilor\/","title":{"rendered":"Un b\u0103rbat aflat la 1700 metri altitudine, \u00een Mun\u021bii Maramure\u0219ului, a solicitat ajutor autorit\u0103\u021bilor"},"content":{"rendered":"<p class=\"m-0\">B\u0103rbatul urmeaz\u0103 a fi recuperat, duminic\u0103, de echipa de salvamonti\u0219ti \u0219i poli\u021bi\u0219ti de frontier\u0103, a informat directorul Serviciului Public Jude\u021bean Salvamont Maramure\u0219, Dan Benga, scrie <a href=\"https:\/\/agerpres.ro\/social\/2025\/04\/20\/maramures-ucrainean-aflat-pe-munte-a-solicitat-ajutorul-autoritatilor-romane-a-fost-localizat-la-1-7--1441871\" target=\"_blank\">Agerpres.<\/a>Ucraineanul se afl\u0103 \u00een vecin\u0103tatea V\u00e2rfului Pop Ivanu, la peste 1.700 metri altitudine \u0219i s-ar afla pe munte de c\u00e2teva zile.&#8221;Se desf\u0103\u0219oar\u0103 o ac\u021biune de c\u0103utare-salvare (&#8230;) \u00een Mun\u021bii Maramure\u0219ului, zona v\u00e2rfului Pop Ivan, pentru g\u0103sirea \u0219i extragerea unui cet\u0103\u021bean ucrainean de 40 ani aflat de c\u00e2teva zile prin mun\u021bi. Ucraineanul a sunat la 112 cer\u00e2nd ajutor \u0219i sus\u021bin\u00e2nd c\u0103 nu are posibilitatea orient\u0103rii \u00een teren, e f\u0103r\u0103 provizii \u0219i f\u0103r\u0103 ap\u0103. I s-a recomandat s\u0103 r\u0103m\u00e2n\u0103 \u00een locul de unde a sunat, fiind localizat de colegii de la STS, tocmai pentru a nu intra \u00eentr-una din zonele extrem de primejdioase \u0219i s\u0103 \u00ee\u0219i pun\u0103 via\u021ba \u00een pericol.&#8221;, a precizat Dan Benga.Potrivit acestuia, opera\u021biunea de extragere a cet\u0103\u021beanului ucrainean este sprijinit\u0103 de un echipaj al Poli\u021biei de Frontier\u0103, sectorul Poienile de sub Munte, localitate de grani\u021b\u0103 cu Ucraina.<\/p>\n<p><a href=\"https:\/\/www.realitatea.net\/stiri\/actual\/aur-la-sol-pentru-sabrina-maneca-voinea-la-cupa-mondiala-de-la-doha_6804c5edc3ef232e21710f63\" target=\"_blank\">Rom\u00e2nia, din nou pe podium. Sabrina Maneca Voinea ob\u021bine aurul la Cupa Mondial\u0103 de la Doha<\/a><\/p>","protected":false},"excerpt":{"rendered":"<p>B\u0103rbatul urmeaz\u0103 a fi recuperat, duminic\u0103, de echipa de salvamonti\u0219ti \u0219i poli\u021bi\u0219ti de frontier\u0103, a&hellip;<\/p>\n","protected":false},"author":0,"featured_media":48567,"comment_status":"open","ping_status":"open","sticky":false,"template":"","format":"standard","meta":{"footnotes":""},"categories":[2],"tags":[],"class_list":["post-48566","post","type-post","status-publish","format-standard","has-post-thumbnail","hentry","category-actual"],"_links":{"self":[{"href":"https:\/\/247stiri.ro\/index.php\/wp-json\/wp\/v2\/posts\/48566","targetHints":{"allow":["GET"]}}],"collection":[{"href":"https:\/\/247stiri.ro\/index.php\/wp-json\/wp\/v2\/posts"}],"about":[{"href":"https:\/\/247stiri.ro\/index.php\/wp-json\/wp\/v2\/types\/post"}],"replies":[{"embeddable":true,"href":"https:\/\/247stiri.ro\/index.php\/wp-json\/wp\/v2\/comments?post=48566"}],"version-history":[{"count":0,"href":"https:\/\/247stiri.ro\/index.php\/wp-json\/wp\/v2\/posts\/48566\/revisions"}],"wp:featuredmedia":[{"embeddable":true,"href":"https:\/\/247stiri.ro\/index.php\/wp-json\/wp\/v2\/media\/48567"}],"wp:attachment":[{"href":"https:\/\/247stiri.ro\/index.php\/wp-json\/wp\/v2\/media?parent=48566"}],"wp:term":[{"taxonomy":"category","embeddable":true,"href":"https:\/\/247stiri.ro\/index.php\/wp-json\/wp\/v2\/categories?post=48566"},{"taxonomy":"post_tag","embeddable":true,"href":"https:\/\/247stiri.ro\/index.php\/wp-json\/wp\/v2\/tags?post=48566"}],"curies":[{"name":"wp","href":"https:\/\/api.w.org\/{rel}","templated":true}]}}