{"id":48580,"date":"2025-04-20T11:44:55","date_gmt":"2025-04-20T11:44:55","guid":{"rendered":"https:\/\/247stiri.ro\/index.php\/2025\/04\/20\/doua-femei-au-fost-grav-ranite-dupa-o-coliziune-intre-trei-masini-la-sibiu\/"},"modified":"2025-04-20T11:44:55","modified_gmt":"2025-04-20T11:44:55","slug":"doua-femei-au-fost-grav-ranite-dupa-o-coliziune-intre-trei-masini-la-sibiu","status":"publish","type":"post","link":"https:\/\/247stiri.ro\/index.php\/2025\/04\/20\/doua-femei-au-fost-grav-ranite-dupa-o-coliziune-intre-trei-masini-la-sibiu\/","title":{"rendered":"Dou\u0103 femei au fost grav r\u0103nite dup\u0103 o coliziune \u00eentre trei ma\u0219ini, la Sibiu"},"content":{"rendered":"<p>&#8222;Echipajele medicale au acordat asisten\u021b\u0103 pentru dou\u0103 femei. Echipajul SMURD a preluat o femeie \u00een v\u00e2rst\u0103 de 33 de ani, \u00eens\u0103rcinat\u0103, care a fost transportat\u0103 la UPU Sibiu pentru investiga\u021bii suplimentare. Echipajul SAJ a preluat o femeie de 26 de ani care a suferit un traumatism la coloan\u0103 cervical\u0103 \u0219i a transportat-o la UPU Sibiu&#8221;, a precizat purt\u0103toarea de cuv\u00e2nt a Inspectoratului pentru Situa\u021bii de Urgen\u021b\u0103 Sibiu, Andreea \u0218tefan.Vinovat de producerea coliziunii \u00een lan\u021b ar fi un \u0219ofer de 48 de ani, din ora\u0219ul Cisn\u0103die (jude\u021bul Sibiu), care nu a p\u0103strat distan\u021ba de siguran\u021b\u0103 fa\u021b\u0103 de ma\u0219ina condus\u0103 \u00eenaintea sa de c\u0103tre una dintre femeile r\u0103nite \u0219i transportate la spital.&#8221;Un b\u0103rbat de 48 de ani, din Cisn\u0103die, nu a p\u0103strat distan\u021ba de siguran\u021b\u0103 fa\u021b\u0103 de autoturismul condus \u00eenaintea sa de c\u0103tre o femeie \u00een v\u00e2rst\u0103 de 26 de ani, din jude\u021bul Gala\u021bi, \u0219i l-a proiectat \u00eentr-un alt autoturism, al c\u0103rui \u0219ofer, un b\u0103rbat de 33 de ani, din jude\u021bul Arad, era oprit \u00eenaintea unei treceri pentru pietoni pentru a acorda prioritate celor care traversau. Conduc\u0103toarea auto \u0219i o pasager\u0103 din ultimul autoturism, femeie de 33 de ani, din jude\u021bul Arad, au fost transportate la spital pentru \u00eengrijiri medicale. F\u0103r\u0103 mari probleme de trafic&#8221;, a informat purt\u0103toarea de cuv\u00e2nt a Inspectoratului de Poli\u021bie al Jude\u021bului Sibiu, Elena Welter.\u00a0<\/p>\n<p><a href=\"https:\/\/www.realitatea.net\/stiri\/actual\/un-barbat-aflat-la-1700-metri-altitudine-in-muntii-maramuresului-a-solicitat-ajutor-autoritatilor_6804c6e6e6e8784b8e57eaad\" target=\"_blank\">Un b\u0103rbat aflat la 1700 metri altitudine, \u00een Mun\u021bii Maramure\u0219ului, a solicitat ajutor autorit\u0103\u021bilor<\/a><\/p>","protected":false},"excerpt":{"rendered":"<p>&#8222;Echipajele medicale au acordat asisten\u021b\u0103 pentru dou\u0103 femei. Echipajul SMURD a preluat o femeie \u00een&hellip;<\/p>\n","protected":false},"author":0,"featured_media":48573,"comment_status":"open","ping_status":"open","sticky":false,"template":"","format":"standard","meta":{"footnotes":""},"categories":[2],"tags":[],"class_list":["post-48580","post","type-post","status-publish","format-standard","has-post-thumbnail","hentry","category-actual"],"_links":{"self":[{"href":"https:\/\/247stiri.ro\/index.php\/wp-json\/wp\/v2\/posts\/48580","targetHints":{"allow":["GET"]}}],"collection":[{"href":"https:\/\/247stiri.ro\/index.php\/wp-json\/wp\/v2\/posts"}],"about":[{"href":"https:\/\/247stiri.ro\/index.php\/wp-json\/wp\/v2\/types\/post"}],"replies":[{"embeddable":true,"href":"https:\/\/247stiri.ro\/index.php\/wp-json\/wp\/v2\/comments?post=48580"}],"version-history":[{"count":0,"href":"https:\/\/247stiri.ro\/index.php\/wp-json\/wp\/v2\/posts\/48580\/revisions"}],"wp:featuredmedia":[{"embeddable":true,"href":"https:\/\/247stiri.ro\/index.php\/wp-json\/wp\/v2\/media\/48573"}],"wp:attachment":[{"href":"https:\/\/247stiri.ro\/index.php\/wp-json\/wp\/v2\/media?parent=48580"}],"wp:term":[{"taxonomy":"category","embeddable":true,"href":"https:\/\/247stiri.ro\/index.php\/wp-json\/wp\/v2\/categories?post=48580"},{"taxonomy":"post_tag","embeddable":true,"href":"https:\/\/247stiri.ro\/index.php\/wp-json\/wp\/v2\/tags?post=48580"}],"curies":[{"name":"wp","href":"https:\/\/api.w.org\/{rel}","templated":true}]}}