{"id":48593,"date":"2025-04-20T12:44:55","date_gmt":"2025-04-20T12:44:55","guid":{"rendered":"https:\/\/247stiri.ro\/index.php\/2025\/04\/20\/papa-francisc-face-apel-la-pace-in-gaza-incetati-focul-lasati-ostaticii-sa-fie-eliberati-si-sa-fie-acordat-ajutorul-pretios-populatiei-infometate-care-aspira-la-un-viitor-de-pace\/"},"modified":"2025-04-20T12:44:55","modified_gmt":"2025-04-20T12:44:55","slug":"papa-francisc-face-apel-la-pace-in-gaza-incetati-focul-lasati-ostaticii-sa-fie-eliberati-si-sa-fie-acordat-ajutorul-pretios-populatiei-infometate-care-aspira-la-un-viitor-de-pace","status":"publish","type":"post","link":"https:\/\/247stiri.ro\/index.php\/2025\/04\/20\/papa-francisc-face-apel-la-pace-in-gaza-incetati-focul-lasati-ostaticii-sa-fie-eliberati-si-sa-fie-acordat-ajutorul-pretios-populatiei-infometate-care-aspira-la-un-viitor-de-pace\/","title":{"rendered":"Papa Francisc face apel la pace, \u00een Gaza: &#8222;\u00cenceta\u021bi focul, l\u0103sa\u021bi ostaticii s\u0103 fie elibera\u021bi \u0219i s\u0103 fie acordat ajutorul pre\u021bios popula\u021biei \u00eenfometate care aspir\u0103 la un viitor de pace&#8221;"},"content":{"rendered":"<p>&#8222;Fac apel la beligeran\u021bi: \u00eenceta\u021bi focul, l\u0103sa\u021bi ostaticii s\u0103 fie elibera\u021bi \u0219i s\u0103 fie acordat ajutorul pre\u021bios popula\u021biei \u00eenfometate care aspir\u0103 la un viitor de pace&#8221;, a spus el \u00een mesajul s\u0103u, citit de un colaborator de la balconul Bazilicii Sf\u00e2ntul Petru din Roma.De asemenea, Papa Francisc a spus c\u0103 &#8222;nicio pace nu este posibil\u0103 acolo unde nu exist\u0103 libertate religioas\u0103 sau libertate de g\u00e2ndire \u0219i de exprimare&#8221;.Suveranul Pontif i-a \u00eendemnat pe liderii politici &#8222;s\u0103 nu cedeze logicii fricii care \u00eenchide&#8221; \u0219i s\u0103 &#8222;d\u0103r\u00e2me barierele care creeaz\u0103 diviziuni&#8221;, pled\u00e2nd \u00eenc\u0103 o dat\u0103 pentru dezarmare.<\/p>\n<p><a href=\"https:\/\/www.realitatea.net\/stiri\/actual\/papa-francisc-asteptat-sa-apara-public-de-paste-in-ciuda-incertitudinilor-privind-starea-sa-de-sanatate_6804b1c93d8a444d894082b3\" target=\"_blank\">Papa Francisc, a\u015fteptat s\u0103 apar\u0103 public de Pa\u015fte, \u00een ciuda incertitudinilor privind starea sa de s\u0103n\u0103tate<\/a><\/p>","protected":false},"excerpt":{"rendered":"<p>&#8222;Fac apel la beligeran\u021bi: \u00eenceta\u021bi focul, l\u0103sa\u021bi ostaticii s\u0103 fie elibera\u021bi \u0219i s\u0103 fie acordat&hellip;<\/p>\n","protected":false},"author":0,"featured_media":48585,"comment_status":"open","ping_status":"open","sticky":false,"template":"","format":"standard","meta":{"footnotes":""},"categories":[2],"tags":[],"class_list":["post-48593","post","type-post","status-publish","format-standard","has-post-thumbnail","hentry","category-actual"],"_links":{"self":[{"href":"https:\/\/247stiri.ro\/index.php\/wp-json\/wp\/v2\/posts\/48593","targetHints":{"allow":["GET"]}}],"collection":[{"href":"https:\/\/247stiri.ro\/index.php\/wp-json\/wp\/v2\/posts"}],"about":[{"href":"https:\/\/247stiri.ro\/index.php\/wp-json\/wp\/v2\/types\/post"}],"replies":[{"embeddable":true,"href":"https:\/\/247stiri.ro\/index.php\/wp-json\/wp\/v2\/comments?post=48593"}],"version-history":[{"count":0,"href":"https:\/\/247stiri.ro\/index.php\/wp-json\/wp\/v2\/posts\/48593\/revisions"}],"wp:featuredmedia":[{"embeddable":true,"href":"https:\/\/247stiri.ro\/index.php\/wp-json\/wp\/v2\/media\/48585"}],"wp:attachment":[{"href":"https:\/\/247stiri.ro\/index.php\/wp-json\/wp\/v2\/media?parent=48593"}],"wp:term":[{"taxonomy":"category","embeddable":true,"href":"https:\/\/247stiri.ro\/index.php\/wp-json\/wp\/v2\/categories?post=48593"},{"taxonomy":"post_tag","embeddable":true,"href":"https:\/\/247stiri.ro\/index.php\/wp-json\/wp\/v2\/tags?post=48593"}],"curies":[{"name":"wp","href":"https:\/\/api.w.org\/{rel}","templated":true}]}}