{"id":48595,"date":"2025-04-20T12:44:56","date_gmt":"2025-04-20T12:44:56","guid":{"rendered":"https:\/\/247stiri.ro\/index.php\/2025\/04\/20\/incendiu-violent-in-capitala-un-tanar-de-19-ani-a-murit-dupa-ce-locuinta-in-care-se-afla-a-luat-loc-tatal-sau-a-suferit-mai-multe-rani-cand-incerca-sa-il-salveze\/"},"modified":"2025-04-20T12:44:56","modified_gmt":"2025-04-20T12:44:56","slug":"incendiu-violent-in-capitala-un-tanar-de-19-ani-a-murit-dupa-ce-locuinta-in-care-se-afla-a-luat-loc-tatal-sau-a-suferit-mai-multe-rani-cand-incerca-sa-il-salveze","status":"publish","type":"post","link":"https:\/\/247stiri.ro\/index.php\/2025\/04\/20\/incendiu-violent-in-capitala-un-tanar-de-19-ani-a-murit-dupa-ce-locuinta-in-care-se-afla-a-luat-loc-tatal-sau-a-suferit-mai-multe-rani-cand-incerca-sa-il-salveze\/","title":{"rendered":"Incendiu violent \u00een Capital\u0103. Un t\u00e2n\u0103r de 19 ani a murit dup\u0103 ce locuin\u021ba \u00een care se afla a luat loc. Tat\u0103l s\u0103u a suferit mai multe r\u0103ni c\u00e2nd \u00eencerca s\u0103 \u00eel salveze"},"content":{"rendered":"<p>Reprezentan\u0163ii Poli\u0163iei Capitalei au fost sesiza\u0163i prin apel 112, duminic\u0103, \u00een jurul orei 02.15, de c\u0103tre un b\u0103rbat cu privire la faptul c\u0103, \u00een locuin\u0163a acestuia, din Sectorul 5, a izbucnit un incendiu, iar fiul s\u0103u ar fi blocat \u00een interior.\u00a0\u201dPoli\u0163i\u015ftii din cadrul subunit\u0103\u0163ii s-au deplasat cu operativitate la fa\u0163a locului \u015fi au constatat faptul c\u0103 aspectele sesizate se confirm\u0103. Poli\u0163i\u015ftii au intervenit, fiind g\u0103sit apelantul, un b\u0103rbat, \u00een v\u00e2rst\u0103 de 49 de ani, care prezenta mai multe r\u0103ni. Totodat\u0103, la fa\u0163a locului s-au deplasat mai multe echipaje de pompieri care au procedat, de \u00eendat\u0103, la stingerea incendiului, dar \u015fi echipaje de prim-ajutor\u201d, au transmis reprezentan\u0163ii Poli\u0163iei Capitalei.\u00a0Ei au men\u0163ionat c\u0103 b\u0103rbatul \u00een v\u00e2rst\u0103 de 49 de ani a primit \u00eengrijiri medicale la fa\u0163a locului, iar ulterior a fost transportat spital.\u00a0\u201dDe asemenea, \u00een cauz\u0103 s-a procedat la evacuarea persoanelor, asigurarea \u015fi delimitarea locului, pentru eliminarea oric\u0103rui pericol. \u00cen timpul interven\u0163iei, \u00een interiorul locuin\u0163ei a fost identificat un t\u00e2n\u0103r, \u00een v\u00e2rst\u0103 de 19 ani, \u00eens\u0103 \u00een pofida eforturilor medicale, a fost declarat decesul acestuia\u201d, a men\u0163ionat sursa citat\u0103.\u00a0\u00a0Trupul ne\u00eensufle\u0163it a fost transportat la Institutul Na\u0163ional de Medicin\u0103 Legal\u0103, pentru realizarea necropsiei.\u00a0Poli\u0163i\u015ftii au ad\u0103ugat c\u0103 incendiul s-a extins \u015fi la o locuin\u0163\u0103 \u00eenvecinat\u0103 \u015fi la patru autoturisme parcate \u00een zona respectiv\u0103.\u00a0Cercet\u0103rile sunt continuate de c\u0103tre poli\u0163i\u015fti din cadrul Sec\u0163iei 18 Poli\u0163ie, pentru s\u0103v\u00e2r\u015firea infrac\u0163iunilor de distrutere din culp\u0103, v\u0103t\u0103mare corporal\u0103 din culp\u0103 \u015fi ucidere din culp\u0103.<\/p>","protected":false},"excerpt":{"rendered":"<p>Reprezentan\u0163ii Poli\u0163iei Capitalei au fost sesiza\u0163i prin apel 112, duminic\u0103, \u00een jurul orei 02.15, de&hellip;<\/p>\n","protected":false},"author":0,"featured_media":48596,"comment_status":"open","ping_status":"open","sticky":false,"template":"","format":"standard","meta":{"footnotes":""},"categories":[2],"tags":[],"class_list":["post-48595","post","type-post","status-publish","format-standard","has-post-thumbnail","hentry","category-actual"],"_links":{"self":[{"href":"https:\/\/247stiri.ro\/index.php\/wp-json\/wp\/v2\/posts\/48595","targetHints":{"allow":["GET"]}}],"collection":[{"href":"https:\/\/247stiri.ro\/index.php\/wp-json\/wp\/v2\/posts"}],"about":[{"href":"https:\/\/247stiri.ro\/index.php\/wp-json\/wp\/v2\/types\/post"}],"replies":[{"embeddable":true,"href":"https:\/\/247stiri.ro\/index.php\/wp-json\/wp\/v2\/comments?post=48595"}],"version-history":[{"count":0,"href":"https:\/\/247stiri.ro\/index.php\/wp-json\/wp\/v2\/posts\/48595\/revisions"}],"wp:featuredmedia":[{"embeddable":true,"href":"https:\/\/247stiri.ro\/index.php\/wp-json\/wp\/v2\/media\/48596"}],"wp:attachment":[{"href":"https:\/\/247stiri.ro\/index.php\/wp-json\/wp\/v2\/media?parent=48595"}],"wp:term":[{"taxonomy":"category","embeddable":true,"href":"https:\/\/247stiri.ro\/index.php\/wp-json\/wp\/v2\/categories?post=48595"},{"taxonomy":"post_tag","embeddable":true,"href":"https:\/\/247stiri.ro\/index.php\/wp-json\/wp\/v2\/tags?post=48595"}],"curies":[{"name":"wp","href":"https:\/\/api.w.org\/{rel}","templated":true}]}}