{"id":48604,"date":"2025-04-20T13:44:48","date_gmt":"2025-04-20T13:44:48","guid":{"rendered":"https:\/\/247stiri.ro\/index.php\/2025\/04\/20\/cod-galben-de-inundatii-in-mai-multe-localitati-din-moldova-se-umfla-prutul\/"},"modified":"2025-04-20T13:44:48","modified_gmt":"2025-04-20T13:44:48","slug":"cod-galben-de-inundatii-in-mai-multe-localitati-din-moldova-se-umfla-prutul","status":"publish","type":"post","link":"https:\/\/247stiri.ro\/index.php\/2025\/04\/20\/cod-galben-de-inundatii-in-mai-multe-localitati-din-moldova-se-umfla-prutul\/","title":{"rendered":"Cod Galben de inunda\u021bii, \u00een mai multe localit\u0103\u021bi din Moldova. Se umfl\u0103 Prutul"},"content":{"rendered":"<p>Fenomenul este rezultatul ploilor abundente \u0219i a acumul\u0103rii masive de ap\u0103 \u00een amonte, ceea ce a dus la formarea unei viituri cu poten\u021bial distructiv. Conform speciali\u0219tilor, aceast\u0103 viitur\u0103 se afl\u0103 deja \u00een deplasare \u0219i este de a\u0219teptat s\u0103 afecteze teritoriul Rom\u00e2niei \u00een urm\u0103toarele ore.<\/p>\n<p>Cod galben de inunda\u021bii emis pentru mai multe zone<\/p>\n<p>Pentru a preveni eventuale pagube sau pierderi, autorit\u0103\u021bile hidrologice au emis o aten\u021bionare de cod galben, valabil\u0103 pentru o perioad\u0103 de aproape dou\u0103 zile.<\/p>\n<p>Avertizarea va intra \u00een vigoare duminic\u0103, la ora 23:00, \u0219i se va men\u021bine p\u00e2n\u0103 mar\u021bi diminea\u021b\u0103, la ora 9:00. Acest cod galben vizeaz\u0103 zonele de nord ale Moldovei, \u00een special cele din proximitatea r\u00e2ului\u00a0Prut, unde cre\u0219terile de debite \u0219i niveluri ale apei pot dep\u0103\u0219i cotele normale.<\/p>\n<p>Oficialii atrag aten\u021bia autorit\u0103\u021bilor locale \u0219i popula\u021biei asupra riscului de inunda\u021bii locale, solicit\u00e2nd monitorizarea atent\u0103 a evolu\u021biei situa\u021biei \u0219i preg\u0103tirea pentru eventuale interven\u021bii de urgen\u021b\u0103. M\u0103surile sunt luate ca r\u0103spuns la scenariile hidrologice prognozate pentru urm\u0103toarele 48 de ore.<\/p>\n<p>Cotele r\u00e2ului Prut ar putea fi dep\u0103\u0219ite din cauza viiturii propagate<\/p>\n<p>\u201eAv\u00e2nd \u00een vedere situa\u0163ia hidrometeorologic\u0103 actual\u0103 \u015fi prognoza meteorologic\u0103 pentru urm\u0103toarele 48 de ore, ca urmare a propag\u0103rii viiturilor formate anterior \u00een amonte, \u00een bazinul superior al r\u00e2ului Prut din Ucraina, se vor produce cre\u015fteri importante de debite \u015fi niveluri cu posibile dep\u0103\u015firi ale cotelor de aten\u021bie\u201d, se arat\u0103 \u00een documentul oficial emis de hidrologii rom\u00e2ni.<\/p>\n<p>Potrivit acestora, viitura deja format\u0103 \u00een\u00a0Ucraina\u00a0are o for\u021b\u0103 considerabil\u0103 \u0219i, odat\u0103 ajuns\u0103 pe teritoriul rom\u00e2nesc, ar putea determina acumul\u0103ri rapide de ap\u0103 \u00een zonele joase, provoc\u00e2nd posibile inunda\u021bii.<\/p>\n<p>Autorit\u0103\u021bile locale au fost informate \u0219i sunt \u00een alert\u0103, iar cet\u0103\u021benilor li se recomand\u0103 s\u0103 fie precau\u021bi, s\u0103 evite deplas\u0103rile \u00een apropierea cursurilor de ap\u0103 \u0219i s\u0103 urm\u0103reasc\u0103 anun\u021burile oficiale ale institu\u021biilor competente. Situa\u021bia va fi actualizat\u0103 permanent, \u00een func\u021bie de evolu\u021bia condi\u021biilor meteorologice \u0219i hidrologice, anun\u021b\u0103 speciali\u0219tii.<\/p>","protected":false},"excerpt":{"rendered":"<p>Fenomenul este rezultatul ploilor abundente \u0219i a acumul\u0103rii masive de ap\u0103 \u00een amonte, ceea ce&hellip;<\/p>\n","protected":false},"author":0,"featured_media":48605,"comment_status":"open","ping_status":"open","sticky":false,"template":"","format":"standard","meta":{"footnotes":""},"categories":[2],"tags":[],"class_list":["post-48604","post","type-post","status-publish","format-standard","has-post-thumbnail","hentry","category-actual"],"_links":{"self":[{"href":"https:\/\/247stiri.ro\/index.php\/wp-json\/wp\/v2\/posts\/48604","targetHints":{"allow":["GET"]}}],"collection":[{"href":"https:\/\/247stiri.ro\/index.php\/wp-json\/wp\/v2\/posts"}],"about":[{"href":"https:\/\/247stiri.ro\/index.php\/wp-json\/wp\/v2\/types\/post"}],"replies":[{"embeddable":true,"href":"https:\/\/247stiri.ro\/index.php\/wp-json\/wp\/v2\/comments?post=48604"}],"version-history":[{"count":0,"href":"https:\/\/247stiri.ro\/index.php\/wp-json\/wp\/v2\/posts\/48604\/revisions"}],"wp:featuredmedia":[{"embeddable":true,"href":"https:\/\/247stiri.ro\/index.php\/wp-json\/wp\/v2\/media\/48605"}],"wp:attachment":[{"href":"https:\/\/247stiri.ro\/index.php\/wp-json\/wp\/v2\/media?parent=48604"}],"wp:term":[{"taxonomy":"category","embeddable":true,"href":"https:\/\/247stiri.ro\/index.php\/wp-json\/wp\/v2\/categories?post=48604"},{"taxonomy":"post_tag","embeddable":true,"href":"https:\/\/247stiri.ro\/index.php\/wp-json\/wp\/v2\/tags?post=48604"}],"curies":[{"name":"wp","href":"https:\/\/api.w.org\/{rel}","templated":true}]}}