{"id":48609,"date":"2025-04-20T13:44:50","date_gmt":"2025-04-20T13:44:50","guid":{"rendered":"https:\/\/247stiri.ro\/index.php\/2025\/04\/20\/razboi-ucraina-cine-a-incalcat-armistitiul-kievul-sau-moscova-acuzatii-reciproce\/"},"modified":"2025-04-20T13:44:50","modified_gmt":"2025-04-20T13:44:50","slug":"razboi-ucraina-cine-a-incalcat-armistitiul-kievul-sau-moscova-acuzatii-reciproce","status":"publish","type":"post","link":"https:\/\/247stiri.ro\/index.php\/2025\/04\/20\/razboi-ucraina-cine-a-incalcat-armistitiul-kievul-sau-moscova-acuzatii-reciproce\/","title":{"rendered":"R\u0103zboi Ucraina. Cine a \u00eenc\u0103lcat armisti\u021biul: Kievul sau Moscova? Acuza\u021bii reciproce"},"content":{"rendered":"<p>At\u00e2t Rusia, c\u00e2t \u0219i Ucraina se acuz\u0103 reciproc pentru sute de atacuri \u00een prima zi de Pa\u0219te, \u00een contextul \u00een care pre\u0219edintele rus Vladimir Putin a anun\u021bat pe 19 aprilie un armisti\u021biu de Pa\u0219te de 30 de ore, scrie\u00a0<a href=\"https:\/\/www.reuters.com\/world\/europe\/ukraines-zelenskiy-says-russian-army-trying-create-impression-easter-ceasefire-2025-04-20\/\">agen\u021bia Reuters<\/a>.<\/p>\n<p>Pre\u0219edintele ucrainean Volodimir Zelenski a declarat c\u0103 Rusia\u00a0doar creeaz\u0103 impresia c\u0103 respect\u0103 armisti\u021biul anun\u021bat de Putin. \u00cen realitate, \u00eens\u0103, atacuri de artilerie au avut loc \u00een noaptea de s\u00e2mb\u0103t\u0103 spre duminic\u0103, cu alte atacuri duminic\u0103.<\/p>\n<p>\u201eFie Putin nu are control deplin asupra armatei sale, fie situa\u021bia dovede\u0219te c\u0103 \u00een Rusia nu exist\u0103 nicio inten\u021bie de a face un pas real spre \u00eencheierea r\u0103zboiului \u0219i sunt interesa\u021bi doar de o acoperire favorabil\u0103 \u00een PR\u201d, se arat\u0103 \u00een postarea lui Zelenski.<\/p>\n<p>\u00cen timp ce Zelenski spune c\u0103 armata rus\u0103 a lansat 26 de atacuri de la momentul anun\u021bului f\u0103cut de Putin, ministerul rus al Ap\u0103r\u0103rii sus\u021bine c\u0103 for\u021bele ucrainene ar fi tras de 444 de ori asupra pozi\u021biilor ruse\u0219ti.<\/p>\n<p>Zelenski a reiterat faptul c\u0103 Ucraina este dispus\u0103 s\u0103 prelungeasc\u0103 \u00eencetarea focului cu 30 de zile, \u00eens\u0103 a spus c\u0103 dac\u0103 Rusia va continua s\u0103 lupte duminic\u0103, acela\u0219i lucru va fi f\u0103cut \u0219i de for\u021bele Kievului.<\/p>","protected":false},"excerpt":{"rendered":"<p>At\u00e2t Rusia, c\u00e2t \u0219i Ucraina se acuz\u0103 reciproc pentru sute de atacuri \u00een prima zi&hellip;<\/p>\n","protected":false},"author":0,"featured_media":48601,"comment_status":"open","ping_status":"open","sticky":false,"template":"","format":"standard","meta":{"footnotes":""},"categories":[2],"tags":[],"class_list":["post-48609","post","type-post","status-publish","format-standard","has-post-thumbnail","hentry","category-actual"],"_links":{"self":[{"href":"https:\/\/247stiri.ro\/index.php\/wp-json\/wp\/v2\/posts\/48609","targetHints":{"allow":["GET"]}}],"collection":[{"href":"https:\/\/247stiri.ro\/index.php\/wp-json\/wp\/v2\/posts"}],"about":[{"href":"https:\/\/247stiri.ro\/index.php\/wp-json\/wp\/v2\/types\/post"}],"replies":[{"embeddable":true,"href":"https:\/\/247stiri.ro\/index.php\/wp-json\/wp\/v2\/comments?post=48609"}],"version-history":[{"count":0,"href":"https:\/\/247stiri.ro\/index.php\/wp-json\/wp\/v2\/posts\/48609\/revisions"}],"wp:featuredmedia":[{"embeddable":true,"href":"https:\/\/247stiri.ro\/index.php\/wp-json\/wp\/v2\/media\/48601"}],"wp:attachment":[{"href":"https:\/\/247stiri.ro\/index.php\/wp-json\/wp\/v2\/media?parent=48609"}],"wp:term":[{"taxonomy":"category","embeddable":true,"href":"https:\/\/247stiri.ro\/index.php\/wp-json\/wp\/v2\/categories?post=48609"},{"taxonomy":"post_tag","embeddable":true,"href":"https:\/\/247stiri.ro\/index.php\/wp-json\/wp\/v2\/tags?post=48609"}],"curies":[{"name":"wp","href":"https:\/\/api.w.org\/{rel}","templated":true}]}}