{"id":48612,"date":"2025-04-20T13:44:52","date_gmt":"2025-04-20T13:44:52","guid":{"rendered":"https:\/\/247stiri.ro\/index.php\/2025\/04\/20\/crima-socanta-in-prima-zi-de-paste-o-femeie-de-doar-20-de-ani-a-fost-injunghiata-de-sot\/"},"modified":"2025-04-20T13:44:52","modified_gmt":"2025-04-20T13:44:52","slug":"crima-socanta-in-prima-zi-de-paste-o-femeie-de-doar-20-de-ani-a-fost-injunghiata-de-sot","status":"publish","type":"post","link":"https:\/\/247stiri.ro\/index.php\/2025\/04\/20\/crima-socanta-in-prima-zi-de-paste-o-femeie-de-doar-20-de-ani-a-fost-injunghiata-de-sot\/","title":{"rendered":"Crim\u0103 \u0219ocant\u0103 \u00een prima zi de Pa\u0219te! O femeie de doar 20 de ani a fost \u00eenjunghiat\u0103 de so\u021b"},"content":{"rendered":"<p>Incidentul halucinant s-a petrecut \u00een comuna Cuza Vod\u0103, iar din primele cercet\u0103ri se pare c\u0103 \u00eentre cei doi ar fi izbucnit un conflict spontan.\u00a0<\/p>\n<p>La un moment dat, discu\u021biile dintre cei doi au escaladat, iar individul de 32 de ani a pus m\u00e2na pe un obiect t\u0103ietor \u00een\u021bep\u0103tor \u0219i \u0219i-a \u00eenjunghiat <a href=\"https:\/\/www.realitatea.net\/stiri\/actual\/barbatul-din-iasi-care-sia-lovit-fosta-sotie-cu-ciocanul-si-a-incendiato-a-fost-prins-unde-lau-gasit-politistii_67fd1fa25a41fc5756064bd2\" target=\"_blank\">so\u021bia.<\/a>\u00a0<\/p>\n<p>\u201dDin primele cercet\u0103ri a reie\u015fit faptul c\u0103, la data de 20 aprilie, \u00een jurul orei 11.30, un b\u0103rbat de 32 de ani ar fi agresat fizic o femeie de 20 de ani cu un obiect t\u0103ietor \u00een\u0163ep\u0103tor. Ulterior, femeia ar fi decedat. Din verific\u0103rile efectuate a rezultat c\u0103 fapta ar fi fost comis\u0103 pe fondul unui conflict spontan\u201d, au afirmat reprezentan\u0163ii Inspectoratului de Poli\u0163ie al Jude\u0163ului Constan\u0163a.<\/p>\n<p>La fa\u0163a locului s-a deplasat un echipaj al Serviciului de Ambulan\u0163\u0103 Jude\u0163ean care a constatat c\u0103 victima avea multiple pl\u0103gi \u015fi a fost declarat\u0103 decedat\u0103.\u00a0<\/p>\n<p>Cazul a fost preluat de un procuror din cadrul Parchetului de pe l\u00e2ng\u0103 Tribunalul Constan\u0163a.<\/p>","protected":false},"excerpt":{"rendered":"<p>Incidentul halucinant s-a petrecut \u00een comuna Cuza Vod\u0103, iar din primele cercet\u0103ri se pare c\u0103&hellip;<\/p>\n","protected":false},"author":0,"featured_media":48613,"comment_status":"open","ping_status":"open","sticky":false,"template":"","format":"standard","meta":{"footnotes":""},"categories":[2],"tags":[],"class_list":["post-48612","post","type-post","status-publish","format-standard","has-post-thumbnail","hentry","category-actual"],"_links":{"self":[{"href":"https:\/\/247stiri.ro\/index.php\/wp-json\/wp\/v2\/posts\/48612","targetHints":{"allow":["GET"]}}],"collection":[{"href":"https:\/\/247stiri.ro\/index.php\/wp-json\/wp\/v2\/posts"}],"about":[{"href":"https:\/\/247stiri.ro\/index.php\/wp-json\/wp\/v2\/types\/post"}],"replies":[{"embeddable":true,"href":"https:\/\/247stiri.ro\/index.php\/wp-json\/wp\/v2\/comments?post=48612"}],"version-history":[{"count":0,"href":"https:\/\/247stiri.ro\/index.php\/wp-json\/wp\/v2\/posts\/48612\/revisions"}],"wp:featuredmedia":[{"embeddable":true,"href":"https:\/\/247stiri.ro\/index.php\/wp-json\/wp\/v2\/media\/48613"}],"wp:attachment":[{"href":"https:\/\/247stiri.ro\/index.php\/wp-json\/wp\/v2\/media?parent=48612"}],"wp:term":[{"taxonomy":"category","embeddable":true,"href":"https:\/\/247stiri.ro\/index.php\/wp-json\/wp\/v2\/categories?post=48612"},{"taxonomy":"post_tag","embeddable":true,"href":"https:\/\/247stiri.ro\/index.php\/wp-json\/wp\/v2\/tags?post=48612"}],"curies":[{"name":"wp","href":"https:\/\/api.w.org\/{rel}","templated":true}]}}