{"id":48631,"date":"2025-04-20T15:44:53","date_gmt":"2025-04-20T15:44:53","guid":{"rendered":"https:\/\/247stiri.ro\/index.php\/2025\/04\/20\/consumul-de-energie-la-un-minim-istoric-de-paste-romanii-au-scos-aproape-totul-din-priza\/"},"modified":"2025-04-20T15:44:53","modified_gmt":"2025-04-20T15:44:53","slug":"consumul-de-energie-la-un-minim-istoric-de-paste-romanii-au-scos-aproape-totul-din-priza","status":"publish","type":"post","link":"https:\/\/247stiri.ro\/index.php\/2025\/04\/20\/consumul-de-energie-la-un-minim-istoric-de-paste-romanii-au-scos-aproape-totul-din-priza\/","title":{"rendered":"Consumul de energie, la un minim istoric, de Pa\u0219te. Rom\u00e2nii au scos aproape totul din priz\u0103!"},"content":{"rendered":"<p>Doar pentru a \u00een\u0163elege mai bine fenomenul, Rom\u00e2nia are doar la centrala de la Cernavod\u0103 1.400 MW instala\u0163i, \u00een hidrocentrale, circa 6.000 MW, \u00een eoliene, circa 3.000 MW, dar \u015fi centrale pe gaze, c\u0103rbuni, centrale solare, astfel c\u0103 provocarea major\u0103 \u00een ziua de Pa\u015fte pentru cei care admnistreaz\u0103 sistemul energetic a fost ce s\u0103 \u201cscoat\u0103 din priz\u0103\u201d astfel \u00eenc\u00e2t consumul de curent s\u0103 fie mereu \u00een echilibru cu produc\u0163ia. Consumul de azi a fost de dou\u0103 ori mai mic fa\u0163\u0103 de cel de miercuri de exemplu, c\u00e2nd Rom\u00e2nia avea nevoie de circa 5.000 MW. \u00cen perioada caracterizate printr-un consum ridicat de energie, cererea poate ajunge la 8.000 MW-8.500 MW.<\/p>\n<p>Datele Transelectrica arat\u0103 c\u0103 \u00een timp ce Nuclearelectrica a fost men\u0163inut\u0103 la puterea ei obi\u015fnuit\u0103, hidrocentralele, c\u0103rbunii sau centralele pe gaze au fost trase pe linie moart\u0103. Vestea bun\u0103 a fost c\u0103 ziua a fost lipsit\u0103 de v\u00e2nt.<\/p>\n<p>\u00cenc\u0103 de la mijlocul s\u0103p\u0103t\u0103m\u00e2nii Ministerul Energiei a anun\u0163at c\u0103 s-au luat m\u0103suri pentru ziua de Pa\u015fte pentru care s-a estimat \u015fi realizat un consum de energie istoric de mic. Astfel, to\u0163i produc\u0103tori majori de energie au pus la punct scheme de reducere a produc\u0163iei, responsabilii sistemului energetic din toate verticalele fiind \u201ela datorie\u201c pentru ca Rom\u00e2nia s\u0103 treac\u0103 cu becurile aprinse cele c\u00e2teva zile de vacan\u0163\u0103 de Pa\u015fte.<\/p>\n<p>\u00a0<\/p>","protected":false},"excerpt":{"rendered":"<p>Doar pentru a \u00een\u0163elege mai bine fenomenul, Rom\u00e2nia are doar la centrala de la Cernavod\u0103&hellip;<\/p>\n","protected":false},"author":0,"featured_media":48632,"comment_status":"open","ping_status":"open","sticky":false,"template":"","format":"standard","meta":{"footnotes":""},"categories":[2],"tags":[],"class_list":["post-48631","post","type-post","status-publish","format-standard","has-post-thumbnail","hentry","category-actual"],"_links":{"self":[{"href":"https:\/\/247stiri.ro\/index.php\/wp-json\/wp\/v2\/posts\/48631","targetHints":{"allow":["GET"]}}],"collection":[{"href":"https:\/\/247stiri.ro\/index.php\/wp-json\/wp\/v2\/posts"}],"about":[{"href":"https:\/\/247stiri.ro\/index.php\/wp-json\/wp\/v2\/types\/post"}],"replies":[{"embeddable":true,"href":"https:\/\/247stiri.ro\/index.php\/wp-json\/wp\/v2\/comments?post=48631"}],"version-history":[{"count":0,"href":"https:\/\/247stiri.ro\/index.php\/wp-json\/wp\/v2\/posts\/48631\/revisions"}],"wp:featuredmedia":[{"embeddable":true,"href":"https:\/\/247stiri.ro\/index.php\/wp-json\/wp\/v2\/media\/48632"}],"wp:attachment":[{"href":"https:\/\/247stiri.ro\/index.php\/wp-json\/wp\/v2\/media?parent=48631"}],"wp:term":[{"taxonomy":"category","embeddable":true,"href":"https:\/\/247stiri.ro\/index.php\/wp-json\/wp\/v2\/categories?post=48631"},{"taxonomy":"post_tag","embeddable":true,"href":"https:\/\/247stiri.ro\/index.php\/wp-json\/wp\/v2\/tags?post=48631"}],"curies":[{"name":"wp","href":"https:\/\/api.w.org\/{rel}","templated":true}]}}