{"id":48648,"date":"2025-04-20T16:44:56","date_gmt":"2025-04-20T16:44:56","guid":{"rendered":"https:\/\/247stiri.ro\/index.php\/2025\/04\/20\/ucrainean-de-40-de-ani-fara-mancare-si-apa-ratacit-de-cateva-zile-prin-muntii-maramuresului-salvamontistii-inca-il-cauta\/"},"modified":"2025-04-20T16:44:56","modified_gmt":"2025-04-20T16:44:56","slug":"ucrainean-de-40-de-ani-fara-mancare-si-apa-ratacit-de-cateva-zile-prin-muntii-maramuresului-salvamontistii-inca-il-cauta","status":"publish","type":"post","link":"https:\/\/247stiri.ro\/index.php\/2025\/04\/20\/ucrainean-de-40-de-ani-fara-mancare-si-apa-ratacit-de-cateva-zile-prin-muntii-maramuresului-salvamontistii-inca-il-cauta\/","title":{"rendered":"Ucrainean de 40 de ani, f\u0103r\u0103 m\u00e2ncare \u0219i ap\u0103, r\u0103t\u0103cit de c\u00e2teva zile prin Mun\u021bii Maramure\u0219ului. Salvamonti\u0219tii \u00eenc\u0103 \u00eel caut\u0103"},"content":{"rendered":"<p>sf\u0103\u015foar\u0103 o ac\u0163iune de c\u0103utare-salvare a SPJ Salvamont Maramures, structura profesionist\u0103 de salvare montan\u0103 a Consiliului Judetean Maramures, \u00een Mun\u0163ii Maramuresului, zona Vf. Pop Ivan, pentru g\u0103sirea \u015fi extragerea unui cet\u0103\u015fean ucrainean de 40 ani aflat de c\u00e2teva zile prin munti\u201d, informeaz\u0103 Salvamont Maramure\u015f.Potrivit sursei citate, ucraineanul a sunat la 112 cer\u00e2nd ajutor \u015fi spun\u00e2nd c\u0103 nu se poate orienta \u00een teren, c\u0103 este\u00a0 f\u0103r\u0103 provizii \u015fi f\u0103r\u0103 ap\u0103.\u201eI s-a recomandat s\u0103 r\u0103m\u00e2n\u0103 \u00een locul de unde a sunat, fiind localizat de colegii de la STS, tocmai pentru a nu intra \u00eentr-una din zonele extrem de primejdioase \u015fi s\u0103 \u00ee\u015fi pun\u0103 via\u0163a \u00een pericol\u201d, mai precizeaz\u0103 Salvamont Maramure\u015f.Aceea\u015fi surs\u0103 men\u0163ioneaz\u0103 c\u0103 echipa de prim r\u0103spuns a Salvamont Maramure\u015f a plecat la ac\u0163iunea de salvare \u015fi va face jonc\u0163iune cu echipajul Poli\u0163iei de Frontier\u0103 Poienile de sub Munte, structur\u0103 a ITPF Sighetu Marma\u0163iei.<\/p>","protected":false},"excerpt":{"rendered":"<p>sf\u0103\u015foar\u0103 o ac\u0163iune de c\u0103utare-salvare a SPJ Salvamont Maramures, structura profesionist\u0103 de salvare montan\u0103 a&hellip;<\/p>\n","protected":false},"author":0,"featured_media":48649,"comment_status":"open","ping_status":"open","sticky":false,"template":"","format":"standard","meta":{"footnotes":""},"categories":[2],"tags":[],"class_list":["post-48648","post","type-post","status-publish","format-standard","has-post-thumbnail","hentry","category-actual"],"_links":{"self":[{"href":"https:\/\/247stiri.ro\/index.php\/wp-json\/wp\/v2\/posts\/48648","targetHints":{"allow":["GET"]}}],"collection":[{"href":"https:\/\/247stiri.ro\/index.php\/wp-json\/wp\/v2\/posts"}],"about":[{"href":"https:\/\/247stiri.ro\/index.php\/wp-json\/wp\/v2\/types\/post"}],"replies":[{"embeddable":true,"href":"https:\/\/247stiri.ro\/index.php\/wp-json\/wp\/v2\/comments?post=48648"}],"version-history":[{"count":0,"href":"https:\/\/247stiri.ro\/index.php\/wp-json\/wp\/v2\/posts\/48648\/revisions"}],"wp:featuredmedia":[{"embeddable":true,"href":"https:\/\/247stiri.ro\/index.php\/wp-json\/wp\/v2\/media\/48649"}],"wp:attachment":[{"href":"https:\/\/247stiri.ro\/index.php\/wp-json\/wp\/v2\/media?parent=48648"}],"wp:term":[{"taxonomy":"category","embeddable":true,"href":"https:\/\/247stiri.ro\/index.php\/wp-json\/wp\/v2\/categories?post=48648"},{"taxonomy":"post_tag","embeddable":true,"href":"https:\/\/247stiri.ro\/index.php\/wp-json\/wp\/v2\/tags?post=48648"}],"curies":[{"name":"wp","href":"https:\/\/api.w.org\/{rel}","templated":true}]}}