{"id":48650,"date":"2025-04-20T16:44:56","date_gmt":"2025-04-20T16:44:56","guid":{"rendered":"https:\/\/247stiri.ro\/index.php\/2025\/04\/20\/armata-israeliana-recunoaste-masacrul-de-luna-trecuta-din-gaza-a-fost-o-greseala\/"},"modified":"2025-04-20T16:44:56","modified_gmt":"2025-04-20T16:44:56","slug":"armata-israeliana-recunoaste-masacrul-de-luna-trecuta-din-gaza-a-fost-o-greseala","status":"publish","type":"post","link":"https:\/\/247stiri.ro\/index.php\/2025\/04\/20\/armata-israeliana-recunoaste-masacrul-de-luna-trecuta-din-gaza-a-fost-o-greseala\/","title":{"rendered":"Armata israelian\u0103 recunoa\u0219te: masacrul de luna trecut\u0103 din Gaza a fost o gre\u0219eal\u0103"},"content":{"rendered":"<p>Asisten\u0163ii de urgen\u0163\u0103 au fost uci\u015fi cu gloan\u0163e \u00een 23 martie, l\u00e2ng\u0103 ora\u015ful Rafah din F\u00e2\u015fia Gaza, \u015fi \u00eengropa\u0163i \u00eentr-un morm\u00e2nt nu prea ad\u00e2nc, unde cadavrele au fost g\u0103site dup\u0103 o s\u0103pt\u0103m\u00e2n\u0103 de oficiali ai ONU \u015fi ai Semilunii Ro\u015fii palestiniene<\/p>\n<p>Militarii israelieni au anun\u0163at c\u0103 ofi\u0163erul comandant care poart\u0103 &#8222;responsabilitatea general\u0103 pentru incident&#8221; va primi o mustrare, iar adjunctul s\u0103u, care a prezentat un raport &#8222;incomplet \u015fi inexact&#8221; despre incident, va fi demis din func\u0163ie.<\/p>\n<p>&#8222;Examinarea a identificat mai multe e\u015fecuri profesionale, \u00eenc\u0103lc\u0103ri ale ordinelor \u015fi omisiunea de a raporta integral incidentul&#8221;, arat\u0103 raportul armatei. Documentul explic\u0103 \u00een continuare c\u0103 &#8222;focurile de arm\u0103 \u00een primele dou\u0103 incidente au fost rezultatul unei ne\u00een\u0163elegeri opera\u0163ionale din partea solda\u0163ilor, care au crezut c\u0103 se confrunt\u0103 cu o amenin\u0163are concret\u0103 din partea unor for\u0163e inamice. Al treilea incident a implicat o \u00eenc\u0103lcare a ordinelor \u00een timpul unei situa\u0163ii de lupt\u0103&#8221;.<\/p>\n<p>Adjunctul comandantului a ordonat deschiderea focului asupra unor persoane care ie\u015feau din vehicule identificate ulterior drept o autospecial\u0103 de pompieri \u015fi mai multe ambulan\u0163e. El nu a reu\u015fit s\u0103 identifice imediat vehiculele din cauza &#8222;vizibilit\u0103\u0163ii proaste pe timp de noapte&#8221;.<\/p>\n<p>Cu o or\u0103 \u00eenainte, solda\u0163ii tr\u0103seser\u0103 cu armele asupra unui alt vehicul, despre care credeau c\u0103 apar\u0163ine organiza\u0163iei islamiste palestiniene Hamas, iar adjunctul comandantului a avut impresia c\u0103 este vorba de o amenin\u0163are.<\/p>\n<p>Militarii sus\u0163in, f\u0103r\u0103 a prezenta dovezi, c\u0103 \u015fase din cei 15 palestinieni uci\u015fi erau &#8222;terori\u015fti Hamas&#8221;.<\/p>\n<p>O \u00eenregistrare video recuperat\u0103 din telefonului unuia din cei deceda\u0163i \u015fi publicat\u0103 de Semiluna Ro\u015fie palestinian\u0103 arat\u0103 personalul de urgen\u0163\u0103 \u00een uniforme \u015fi ambulan\u0163e \u015fi ma\u015fini de pompieri marcate clar, cu luminile aprinse, asupra c\u0103rora trag solda\u0163ii israelieni.<\/p>\n<p>Armata afirm\u0103 c\u0103 dup\u0103 15 minute de la deschiderea focului, s-a tras asupra unui vehicul palestinian al ONU, fiind vorba de &#8222;erori opera\u0163ionale cu \u00eenc\u0103lcarea reglement\u0103rilor&#8221;.<\/p>","protected":false},"excerpt":{"rendered":"<p>Asisten\u0163ii de urgen\u0163\u0103 au fost uci\u015fi cu gloan\u0163e \u00een 23 martie, l\u00e2ng\u0103 ora\u015ful Rafah din&hellip;<\/p>\n","protected":false},"author":0,"featured_media":48639,"comment_status":"open","ping_status":"open","sticky":false,"template":"","format":"standard","meta":{"footnotes":""},"categories":[2],"tags":[],"class_list":["post-48650","post","type-post","status-publish","format-standard","has-post-thumbnail","hentry","category-actual"],"_links":{"self":[{"href":"https:\/\/247stiri.ro\/index.php\/wp-json\/wp\/v2\/posts\/48650","targetHints":{"allow":["GET"]}}],"collection":[{"href":"https:\/\/247stiri.ro\/index.php\/wp-json\/wp\/v2\/posts"}],"about":[{"href":"https:\/\/247stiri.ro\/index.php\/wp-json\/wp\/v2\/types\/post"}],"replies":[{"embeddable":true,"href":"https:\/\/247stiri.ro\/index.php\/wp-json\/wp\/v2\/comments?post=48650"}],"version-history":[{"count":0,"href":"https:\/\/247stiri.ro\/index.php\/wp-json\/wp\/v2\/posts\/48650\/revisions"}],"wp:featuredmedia":[{"embeddable":true,"href":"https:\/\/247stiri.ro\/index.php\/wp-json\/wp\/v2\/media\/48639"}],"wp:attachment":[{"href":"https:\/\/247stiri.ro\/index.php\/wp-json\/wp\/v2\/media?parent=48650"}],"wp:term":[{"taxonomy":"category","embeddable":true,"href":"https:\/\/247stiri.ro\/index.php\/wp-json\/wp\/v2\/categories?post=48650"},{"taxonomy":"post_tag","embeddable":true,"href":"https:\/\/247stiri.ro\/index.php\/wp-json\/wp\/v2\/tags?post=48650"}],"curies":[{"name":"wp","href":"https:\/\/api.w.org\/{rel}","templated":true}]}}