{"id":48739,"date":"2025-04-21T13:44:49","date_gmt":"2025-04-21T13:44:49","guid":{"rendered":"https:\/\/247stiri.ro\/index.php\/2025\/04\/21\/marea-iubire-a-papei-francisc-care-insa-a-refuzat-sa-il-ia-de-sot-din-fericire-pentru-el-am-spus-nu\/"},"modified":"2025-04-21T13:44:49","modified_gmt":"2025-04-21T13:44:49","slug":"marea-iubire-a-papei-francisc-care-insa-a-refuzat-sa-il-ia-de-sot-din-fericire-pentru-el-am-spus-nu","status":"publish","type":"post","link":"https:\/\/247stiri.ro\/index.php\/2025\/04\/21\/marea-iubire-a-papei-francisc-care-insa-a-refuzat-sa-il-ia-de-sot-din-fericire-pentru-el-am-spus-nu\/","title":{"rendered":"Marea iubire a Papei Francisc, care \u00eens\u0103 a refuzat s\u0103 \u00eel ia de so\u021b: \u201eDin fericire pentru el, am spus \u201enu!\u201d"},"content":{"rendered":"<p>Amalia,\u00a0prietena\u00a0din copil\u0103rie a Papei, recunoa\u0219te\u00a0c\u0103\u00a0a fost cerut\u0103 de so\u021bie de c\u0103tre Suveran\u00a0\u00een\u00a0urm\u0103\u00a0cu mul\u021bi ani. Ea ar fi refuzat cererea, iar dup\u0103 toate acestea, Jorge Mario Bergoglio a decis\u00a0s\u0103\u00a0devin\u0103 preot. Cererea\u00a0\u00een\u00a0c\u0103s\u0103torie s-a \u00eent\u00e2mplat\u00a0c\u00e2nd\u00a0Papa\u00a0avea v\u00e2rsta de 12 ani.<\/p>\n<p>Papa\u00a0Francisc s-a n\u0103scut pe 17 decembrie 1936\u00a0la\u00a0Buenos Aires, Argentina, sub numele de Jorge Mario Bergoglio. A fost\u00a0ales\u00a0pap\u0103 pe 13 martie 2013 de c\u0103tre conclavul cardinalilor \u015fi a condus\u00a0Biserica\u00a0Catolic\u0103 p\u00e2n\u0103\u00a0la\u00a0moartea\u00a0sa, \u00een 21 aprilie 2025.<\/p>\n<p>Jorge Mario Bergoglio a fost doar la un r\u0103spuns distan\u021b\u0103 de un alt destin, unul \u00een care nu era preot. \u00centr-un interviu pentru La Stampa, prietena din copil\u0103rie a Suveranului Pontif a recunoscut faptul c\u0103 i-a r\u0103spuns cu \u201enu\u201d la una dintre cele mai frumoase \u00eentreb\u0103ri ale vie\u021bii. Cei doi au copil\u0103rit \u0219i crescut \u00eempreun\u0103 \u00eentr-un cartier din Buenos Aires.<\/p>\n<p><a title=\"Luminile Turnului Eiffel, stinse in aceasta seara, in semn de doliu pentru moartea Papei Francisc\" href=\"https:\/\/www.realitatea.net\/stiri\/lifestyle\/luminile-turnului-eiffel-stinse-in-aceasta-seara-in-semn-de-doliu-pentru-moartea-papei-francisc_680635230232b969e356a563\">Luminile Turnului Eiffel, stinse \u00een aceast\u0103 sear\u0103, \u00een semn de doliu pentru moartea Papei Francisc<\/a><\/p>\n<p>\u201eNoi eram doar copii! Rela\u021bia noastr\u0103 a fost complet nevinovat\u0103. Am crescut \u00eempreun\u0103, dar am \u00eenceput s\u0103-l cunosc mai bine c\u00e2nd am \u00eemplinit 12 ani. Vremurile de atunci erau diferite. Ne-am \u00eendr\u0103gostit unul de altul\u201d, a spus Amalia.<\/p>\n<p>Amalia Damonte, \u00een v\u00e2rst\u0103 de 76 de ani \u00een momentul acord\u0103rii interviului (2013), a mai spus c\u0103 a fost \u0219ocat\u0103 atunci c\u00e2nd fostul ei iubit din copil\u0103rie a devenit pap\u0103.<\/p>\n<p>Cererea in c\u0103s\u0103torie a fost trimis\u0103 prin intermediul unei scrisori, \u00een 1948 sau 1949. Papa i-a precizat Amaliei c\u0103 daca \u00eel va refuza va deveni preot.<\/p>\n<p>\u201e\u00centr-o zi mi-a spus:\u00a0 \u201dDac\u0103 nu pot s\u0103 m\u0103 c\u0103s\u0103toresc cu tine, voi deveni preot\u201d. Din fericire pentru el, am spus nu!\u201d, a mai dezv\u0103luit Amalia \u00een cadrul interviului.<\/p>\n<p>Femeia a\u00a0mai\u00a0spus c\u0103 au \u00eentrerupt leg\u0103tura din momentul \u00een care ea s-a c\u0103s\u0103torit, v\u0103z\u00e2ndu-\u0219i de\u00a0via\u021b\u0103.<\/p>\n<p><a title=\"Moartea Papei Francisc ar putea insemna inceputul Apocalipsei. Ce spune profetia Sfantului Maleahi\" href=\"https:\/\/www.realitatea.net\/stiri\/actual\/moartea-papei-francisc-ar-putea-insemna-inceputul-apocalipsei-ce-spune-profetia-sfantului-maleahi_6806446825851d15a85006a4\">Moartea Papei Francisc ar putea \u00eensemna \u00eenceputul Apocalipsei. Ce spune profe\u021bia Sf\u00e2ntului Maleahi<\/a><\/p>","protected":false},"excerpt":{"rendered":"<p>Amalia,\u00a0prietena\u00a0din copil\u0103rie a Papei, recunoa\u0219te\u00a0c\u0103\u00a0a fost cerut\u0103 de so\u021bie de c\u0103tre Suveran\u00a0\u00een\u00a0urm\u0103\u00a0cu mul\u021bi ani. Ea&hellip;<\/p>\n","protected":false},"author":0,"featured_media":48732,"comment_status":"open","ping_status":"open","sticky":false,"template":"","format":"standard","meta":{"footnotes":""},"categories":[2],"tags":[],"class_list":["post-48739","post","type-post","status-publish","format-standard","has-post-thumbnail","hentry","category-actual"],"_links":{"self":[{"href":"https:\/\/247stiri.ro\/index.php\/wp-json\/wp\/v2\/posts\/48739","targetHints":{"allow":["GET"]}}],"collection":[{"href":"https:\/\/247stiri.ro\/index.php\/wp-json\/wp\/v2\/posts"}],"about":[{"href":"https:\/\/247stiri.ro\/index.php\/wp-json\/wp\/v2\/types\/post"}],"replies":[{"embeddable":true,"href":"https:\/\/247stiri.ro\/index.php\/wp-json\/wp\/v2\/comments?post=48739"}],"version-history":[{"count":0,"href":"https:\/\/247stiri.ro\/index.php\/wp-json\/wp\/v2\/posts\/48739\/revisions"}],"wp:featuredmedia":[{"embeddable":true,"href":"https:\/\/247stiri.ro\/index.php\/wp-json\/wp\/v2\/media\/48732"}],"wp:attachment":[{"href":"https:\/\/247stiri.ro\/index.php\/wp-json\/wp\/v2\/media?parent=48739"}],"wp:term":[{"taxonomy":"category","embeddable":true,"href":"https:\/\/247stiri.ro\/index.php\/wp-json\/wp\/v2\/categories?post=48739"},{"taxonomy":"post_tag","embeddable":true,"href":"https:\/\/247stiri.ro\/index.php\/wp-json\/wp\/v2\/tags?post=48739"}],"curies":[{"name":"wp","href":"https:\/\/api.w.org\/{rel}","templated":true}]}}