{"id":48740,"date":"2025-04-21T13:44:50","date_gmt":"2025-04-21T13:44:50","guid":{"rendered":"https:\/\/247stiri.ro\/index.php\/2025\/04\/21\/incendiu-in-miez-de-noapte-pe-o-strada-din-giurgiu-o-masina-parcata-a-fost-cuprinsa-de-flacari\/"},"modified":"2025-04-21T13:44:50","modified_gmt":"2025-04-21T13:44:50","slug":"incendiu-in-miez-de-noapte-pe-o-strada-din-giurgiu-o-masina-parcata-a-fost-cuprinsa-de-flacari","status":"publish","type":"post","link":"https:\/\/247stiri.ro\/index.php\/2025\/04\/21\/incendiu-in-miez-de-noapte-pe-o-strada-din-giurgiu-o-masina-parcata-a-fost-cuprinsa-de-flacari\/","title":{"rendered":"Incendiu \u00een miez de noapte pe o strad\u0103 din Giurgiu: o ma\u0219in\u0103 parcat\u0103 a fost cuprins\u0103 de fl\u0103c\u0103ri"},"content":{"rendered":"<p>Ce au anun\u021bat oamenii legii?<\/p>\n<p>La scurt timp, la fa\u021ba locului a intervenit un echipaj din cadrul Deta\u0219amentului de Pompieri Giurgiu, cu o autospecial\u0103 de stingere. Focul se manifesta la compartimentul motor al ma\u0219inii, iar interven\u021bia a fost cu at\u00e2t mai delicat\u0103 cu c\u00e2t vehiculul era parcat \u00een apropierea unui contor de gaze.<\/p>\n<p><a href=\"https:\/\/www.realitatea.net\/stiri\/actual\/accident-pe-dj208-in-judetul-iasi-masina-electrica-cuprinsa-de-flacari-dupa-ce-sa-rasturnat-doua-persoane-transportate-la-spital_68063ba6a4c09a4d402c157d\" target=\"_blank\">Pompierii au ac\u021bionat rapid<\/a> \u0219i eficient, reu\u0219ind s\u0103 limiteze propagarea incendiului \u0219i s\u0103 elimine riscul unei explozii. Din fericire, nu au fost \u00eenregistrate victime, iar restul autoturismului a fost salvat. Focul a afectat aproximativ 40% din compartimentul motor.<\/p>\n<p><a href=\"https:\/\/www.realitatea.net\/stiri\/actual\/incendiu-puternic-de-vegetatie-in-arges-igsu-240-tone-de-apa-aruncate-in-trei-zile-cu-elicopterele-black-hawk_6805498cf8451c26e666aae2\" target=\"_blank\">Cauza probabil\u0103 a izbucnirii incendiului<\/a> este un scurtcircuit produs la instala\u021bia electric\u0103 a ma\u0219inii, au transmis reprezentan\u021bii ISU Giurgiu.<\/p>\n\n<p>\u00a0 \u00a0 \u00a0 \u00a0 \u00a0 \u00a0 \u00a0 \u00a0 \u00a0 \u00a0 \u00a0 \u00a0 \u00a0 \u00a0 \u00a0 \u00a0 \u00a0 \u00a0 \u00a0 \u00a0 \u00a0 \u00a0 \u00a0Incendiu pe o strad\u0103 din Giurgiu \/ Sursa foto &#8211; ISU Giurgiu<\/p>","protected":false},"excerpt":{"rendered":"<p>Ce au anun\u021bat oamenii legii? La scurt timp, la fa\u021ba locului a intervenit un echipaj&hellip;<\/p>\n","protected":false},"author":0,"featured_media":48741,"comment_status":"open","ping_status":"open","sticky":false,"template":"","format":"standard","meta":{"footnotes":""},"categories":[2],"tags":[],"class_list":["post-48740","post","type-post","status-publish","format-standard","has-post-thumbnail","hentry","category-actual"],"_links":{"self":[{"href":"https:\/\/247stiri.ro\/index.php\/wp-json\/wp\/v2\/posts\/48740","targetHints":{"allow":["GET"]}}],"collection":[{"href":"https:\/\/247stiri.ro\/index.php\/wp-json\/wp\/v2\/posts"}],"about":[{"href":"https:\/\/247stiri.ro\/index.php\/wp-json\/wp\/v2\/types\/post"}],"replies":[{"embeddable":true,"href":"https:\/\/247stiri.ro\/index.php\/wp-json\/wp\/v2\/comments?post=48740"}],"version-history":[{"count":0,"href":"https:\/\/247stiri.ro\/index.php\/wp-json\/wp\/v2\/posts\/48740\/revisions"}],"wp:featuredmedia":[{"embeddable":true,"href":"https:\/\/247stiri.ro\/index.php\/wp-json\/wp\/v2\/media\/48741"}],"wp:attachment":[{"href":"https:\/\/247stiri.ro\/index.php\/wp-json\/wp\/v2\/media?parent=48740"}],"wp:term":[{"taxonomy":"category","embeddable":true,"href":"https:\/\/247stiri.ro\/index.php\/wp-json\/wp\/v2\/categories?post=48740"},{"taxonomy":"post_tag","embeddable":true,"href":"https:\/\/247stiri.ro\/index.php\/wp-json\/wp\/v2\/tags?post=48740"}],"curies":[{"name":"wp","href":"https:\/\/api.w.org\/{rel}","templated":true}]}}