{"id":48742,"date":"2025-04-21T13:44:51","date_gmt":"2025-04-21T13:44:51","guid":{"rendered":"https:\/\/247stiri.ro\/index.php\/2025\/04\/21\/moartea-papei-francisc-ar-putea-insemna-inceputul-apocalipsei-ce-spune-profetia-sfantului-maleahi\/"},"modified":"2025-04-21T13:44:51","modified_gmt":"2025-04-21T13:44:51","slug":"moartea-papei-francisc-ar-putea-insemna-inceputul-apocalipsei-ce-spune-profetia-sfantului-maleahi","status":"publish","type":"post","link":"https:\/\/247stiri.ro\/index.php\/2025\/04\/21\/moartea-papei-francisc-ar-putea-insemna-inceputul-apocalipsei-ce-spune-profetia-sfantului-maleahi\/","title":{"rendered":"Moartea Papei Francisc ar putea \u00eensemna \u00eenceputul Apocalipsei. Ce spune profe\u021bia Sf\u00e2ntului Maleahi"},"content":{"rendered":"<p>Decesul papei Francisc la v\u00e2rsta de 88 de ani a reprezentat o veste trist\u0103 pentru milioane de credincio\u0219i \u0219i a readus \u00een lumina reflectoarelor o profe\u021bie medieval\u0103 misterioas\u0103, ce a influen\u021bat de-a lungul secolelor conducerea papalit\u0103\u021bii. Este vorba despre celebra profe\u021bie a Sf\u00e2ntului Maleahi, un arhiepiscop irlandez din secolul al XII-lea. Conform legendelor, \u00een timpul unui pelerinaj la Roma, el ar fi primit o revela\u021bie spiritual\u0103 despre destinul Bisericii Catolice. Acesta a prezis lista tuturor papilor \u0219i a scris 112 fraze \u00een limba latin\u0103, fiecare reprezent\u00e2nd simbolic un pap\u0103, \u00eencep\u00e2nd cu anul 1143.<\/p>\n<p>\u00cen cazul papei Francisc, speciali\u0219tii consider\u0103 c\u0103 acesta este al 112-lea pap\u0103 de pe lista Sf\u00e2ntului Maleahi \u2013 \u0219i, astfel, ultimul. Potrivit acestei profe\u021bii, \u00een timpul pontificatului s\u0103u lumea urma s\u0103 fie supus\u0103 ultimelor persecu\u021bii, Roma avea s\u0103 fie distrus\u0103, iar Ziua Judec\u0103\u021bii avea s\u0103 se apropie.<\/p>\n<p><a title=\"Luminile Turnului Eiffel, stinse in aceasta seara, in semn de doliu pentru moartea Papei Francisc\" href=\"https:\/\/www.realitatea.net\/stiri\/lifestyle\/luminile-turnului-eiffel-stinse-in-aceasta-seara-in-semn-de-doliu-pentru-moartea-papei-francisc_680635230232b969e356a563\">Luminile Turnului Eiffel, stinse \u00een aceast\u0103 sear\u0103, \u00een semn de doliu pentru moartea Papei Francisc<\/a><\/p>\n<p>\u201e\u00cen ultima persecu\u0163ie a Sfintei Biserici Romane, va sta Petru Romanul, care va p\u0103stori turma sa prin multe suferin\u0163e. \u015ei c\u00e2nd aceste lucruri se vor sf\u00e2r\u015fi, cetatea celor \u015fapte coline va fi distrus\u0103 \u015fi Judec\u0103torul cel \u00eenfrico\u015f\u0103tor va judeca pe poporul s\u0103u. Sf\u00e2r\u015fit\u201d,\u00a0arat\u0103 profe\u021bia.<\/p>\n<p>Chiar dac\u0103 Francisc nu a purtat numele Petru, unii exper\u021bi remarc\u0103 anumite asem\u0103n\u0103ri: numele s\u0103u de familie, Bergoglio, poate fi tradus ca \u201emunte\u201d sau \u201est\u00e2nc\u0103\u201d, cuvinte care rezoneaz\u0103 cu numele lui Petru, al c\u0103rui nume \u00een greac\u0103 \u00eenseamn\u0103 \u201epiatr\u0103\u201d. \u00cen plus, pontificatul s\u0103u a avut loc \u00eentr-un context mondial marcat de pandemii, conflicte, dezastre climatice \u0219i tensiuni religioase.<\/p>\n<p>Profe\u021bia a fost publicat\u0103 \u00een 1595 de c\u0103tre benedictinul Arnold Vion, care sus\u021binea c\u0103 a descoperit-o \u00een arhivele Vaticanului. Cu toate acestea, Vaticanul nu a recunoscut vreodat\u0103 autenticitatea acestor \u00eenregistr\u0103ri, iar interesul pentru ele a persistat, mai ales \u00een perioadele de schimbare a conduc\u0103torilor spirituali.<\/p>\n<p>Unii istorici pun la \u00eendoial\u0103 veridicitatea acestei profe\u021bii, argument\u00e2nd c\u0103 manuscrisul original lipse\u0219te \u0219i c\u0103 a fost descoperit doar de Benedictinul Arnold de Wyon \u00een anul 1590. \u00cenainte de aceast\u0103 dat\u0103, nimeni nu a men\u021bionat existen\u021ba unei astfel de profe\u021bii, ceea ce a alimentat suspiciuni cu privire la autenticitatea sa.<\/p>\n<p>Luni, 21 aprilie, la v\u00e2rsta de 88 de ani, Papa Francisc s-a stins din via\u021b\u0103. Ultima dat\u0103 c\u00e2nd a ap\u0103rut \u00een public a fost cu o zi \u00eenainte, c\u00e2nd s-a adresat credincio\u0219ilor cu ocazia Pa\u0219telui.<\/p>\n<p>\u00cen ultimele dou\u0103 luni, s\u0103n\u0103tatea sa s-a deteriorat din cauza pneumoniei, fiind internat \u00een spital.<\/p>\n<p><a title=\"Cine va fi urmatorul Papa? Cardinalii electori se reunesc de urgenta in Conclavul de la Vatican\" href=\"https:\/\/www.realitatea.net\/stiri\/actual\/cine-va-fi-urmatorul-papa-cardinalii-electori-se-reunesc-de-urgenta-in-conclavul-de-la-vatican_68060bcb59b85d1d8463d2c2\">Cine va fi urm\u0103torul Pap\u0103? Cardinalii electori se reunesc de urgen\u021b\u0103 \u00een Conclavul de la Vatican<\/a><\/p>","protected":false},"excerpt":{"rendered":"<p>Decesul papei Francisc la v\u00e2rsta de 88 de ani a reprezentat o veste trist\u0103 pentru&hellip;<\/p>\n","protected":false},"author":0,"featured_media":48743,"comment_status":"open","ping_status":"open","sticky":false,"template":"","format":"standard","meta":{"footnotes":""},"categories":[2],"tags":[],"class_list":["post-48742","post","type-post","status-publish","format-standard","has-post-thumbnail","hentry","category-actual"],"_links":{"self":[{"href":"https:\/\/247stiri.ro\/index.php\/wp-json\/wp\/v2\/posts\/48742","targetHints":{"allow":["GET"]}}],"collection":[{"href":"https:\/\/247stiri.ro\/index.php\/wp-json\/wp\/v2\/posts"}],"about":[{"href":"https:\/\/247stiri.ro\/index.php\/wp-json\/wp\/v2\/types\/post"}],"replies":[{"embeddable":true,"href":"https:\/\/247stiri.ro\/index.php\/wp-json\/wp\/v2\/comments?post=48742"}],"version-history":[{"count":0,"href":"https:\/\/247stiri.ro\/index.php\/wp-json\/wp\/v2\/posts\/48742\/revisions"}],"wp:featuredmedia":[{"embeddable":true,"href":"https:\/\/247stiri.ro\/index.php\/wp-json\/wp\/v2\/media\/48743"}],"wp:attachment":[{"href":"https:\/\/247stiri.ro\/index.php\/wp-json\/wp\/v2\/media?parent=48742"}],"wp:term":[{"taxonomy":"category","embeddable":true,"href":"https:\/\/247stiri.ro\/index.php\/wp-json\/wp\/v2\/categories?post=48742"},{"taxonomy":"post_tag","embeddable":true,"href":"https:\/\/247stiri.ro\/index.php\/wp-json\/wp\/v2\/tags?post=48742"}],"curies":[{"name":"wp","href":"https:\/\/api.w.org\/{rel}","templated":true}]}}