{"id":48746,"date":"2025-04-21T13:44:52","date_gmt":"2025-04-21T13:44:52","guid":{"rendered":"https:\/\/247stiri.ro\/index.php\/2025\/04\/21\/accident-pe-dj208-in-judetul-iasi-o-masina-electrica-a-fost-cuprinsa-de-flacari-dupa-ce-s-a-rasturnat-flacarile-stinse-abia-dupa-doua-ore\/"},"modified":"2025-04-21T13:44:52","modified_gmt":"2025-04-21T13:44:52","slug":"accident-pe-dj208-in-judetul-iasi-o-masina-electrica-a-fost-cuprinsa-de-flacari-dupa-ce-s-a-rasturnat-flacarile-stinse-abia-dupa-doua-ore","status":"publish","type":"post","link":"https:\/\/247stiri.ro\/index.php\/2025\/04\/21\/accident-pe-dj208-in-judetul-iasi-o-masina-electrica-a-fost-cuprinsa-de-flacari-dupa-ce-s-a-rasturnat-flacarile-stinse-abia-dupa-doua-ore\/","title":{"rendered":"Accident pe DJ208, \u00een jude\u021bul Ia\u0219i: o ma\u0219in\u0103 electric\u0103 a fost cuprins\u0103 de fl\u0103c\u0103ri dup\u0103 ce s-a r\u0103sturnat. Fl\u0103c\u0103rile, stinse abia dup\u0103 dou\u0103 ore"},"content":{"rendered":"<p>Incidentul a fost anun\u021bat \u00een jurul orei 12:45, iar autorit\u0103\u021bile au trimis rapid la fa\u021ba locului echipaje de pompieri \u0219i ambulan\u021be.<\/p>\n<p>Ce au anun\u021bat autorit\u0103\u021bile<\/p>\n<p><a href=\"https:\/\/www.realitatea.net\/stiri\/actual\/tragedie-pe-calea-ferata-un-barbat-a-murit-dupa-ce-masina-a-fost-lovita-in-plin-de-tren-la-podul-iloaiei-foto_6805e94ac429c73b0c607c38\" target=\"_blank\">Potrivit Inspectoratului pentru Situa\u021bii de Urgen\u021b\u0103<\/a> (ISU) Ia\u0219i, \u0219oferul ma\u0219inii \u2014 un b\u0103rbat \u00een v\u00e2rst\u0103 de 39 de ani \u2014 a pierdut controlul volanului, autoturismul lovindu-se de un cap de pod \u0219i r\u0103sturn\u00e2ndu-se \u00een afara carosabilului. \u00cen vehicul se mai afla o pasager\u0103, o femeie de 30 de ani. Din fericire, ambii au reu\u0219it s\u0103 se autoevacueze \u00eenainte ca autovehiculul s\u0103 fie cuprins de fl\u0103c\u0103ri.<\/p>\n<p>La locul accidentului au intervenit o autospecial\u0103 de stingere cu ap\u0103 \u0219i spum\u0103, dotat\u0103 cu modul de descarcerare \u0219i prim ajutor, precum \u0219i o ambulan\u021b\u0103 SMURD din cadrul Sec\u021biei de Pompieri Pa\u0219cani. Un alt echipaj medical de la Sta\u021bia Pa\u0219cani a Serviciului Jude\u021bean de Ambulan\u021b\u0103 a fost, de asemenea, mobilizat.<\/p>\n<p>\u201eLa sosirea for\u021belor de interven\u021bie, cele dou\u0103 victime au fost evaluate de echipajele medicale \u0219i transportate ulterior la spital pentru investiga\u021bii suplimentare \u0219i tratament de specialitate\u201d, a transmis ISU Ia\u0219i.<\/p>\n<p>Incendiul izbucnit la autoturismul electric a fost lichidat de pompieri dup\u0103 aproximativ dou\u0103 ore, interven\u021bia fiind \u00eengreunat\u0103 de specificul bateriilor de mare capacitate, care pot men\u021bine arderea chiar \u0219i dup\u0103 oprirea fl\u0103c\u0103rilor vizibile.<\/p>\n<p>Poli\u021bia rutier\u0103 a demarat cercet\u0103rile pentru a stabili cu exactitate circumstan\u021bele \u00een care s-a produs accidentul.<\/p>\n<p>Recomand\u0103rile autorit\u0103\u021bilor<\/p>\n<p><a href=\"https:\/\/www.realitatea.net\/stiri\/actual\/accident-grav-in-bistritanasaud-doi-tineri-au-ajuns-la-spital-dupa-ce-masinile-lor-sau-ciocnit-violent_680541c1f467251fdd29d2d2\" target=\"_blank\">\u00cen contextul acestui inciden<\/a>t, reprezentan\u021bii ISU Ia\u0219i atrag din nou aten\u021bia asupra importan\u021bei pruden\u021bei \u00een trafic, at\u00e2t pentru \u0219oferi, c\u00e2t \u0219i pentru pietoni:<\/p>\n<p>\u201eEste esen\u021bial ca participan\u021bii la trafic s\u0103 anticipeze pericolele \u0219i s\u0103 respecte regulile de circula\u021bie pentru a evita tragediile.\u201d<\/p>\n<p>Totodat\u0103, ISU aminte\u0219te c\u0103 to\u021bi conduc\u0103torii auto au obliga\u021bia legal\u0103 \u0219i moral\u0103 de a acorda prioritate autospecialelor de interven\u021bie aflate \u00een misiune \u2014 fie c\u0103 este vorba despre pompieri, poli\u021bie, jandarmi sau ambulan\u021be.<\/p>\n<p>\u201eVia\u021ba are prioritate\u201d, subliniaz\u0103 mesajul final transmis de salvatori.<\/p>","protected":false},"excerpt":{"rendered":"<p>Incidentul a fost anun\u021bat \u00een jurul orei 12:45, iar autorit\u0103\u021bile au trimis rapid la fa\u021ba&hellip;<\/p>\n","protected":false},"author":0,"featured_media":48747,"comment_status":"open","ping_status":"open","sticky":false,"template":"","format":"standard","meta":{"footnotes":""},"categories":[2],"tags":[],"class_list":["post-48746","post","type-post","status-publish","format-standard","has-post-thumbnail","hentry","category-actual"],"_links":{"self":[{"href":"https:\/\/247stiri.ro\/index.php\/wp-json\/wp\/v2\/posts\/48746","targetHints":{"allow":["GET"]}}],"collection":[{"href":"https:\/\/247stiri.ro\/index.php\/wp-json\/wp\/v2\/posts"}],"about":[{"href":"https:\/\/247stiri.ro\/index.php\/wp-json\/wp\/v2\/types\/post"}],"replies":[{"embeddable":true,"href":"https:\/\/247stiri.ro\/index.php\/wp-json\/wp\/v2\/comments?post=48746"}],"version-history":[{"count":0,"href":"https:\/\/247stiri.ro\/index.php\/wp-json\/wp\/v2\/posts\/48746\/revisions"}],"wp:featuredmedia":[{"embeddable":true,"href":"https:\/\/247stiri.ro\/index.php\/wp-json\/wp\/v2\/media\/48747"}],"wp:attachment":[{"href":"https:\/\/247stiri.ro\/index.php\/wp-json\/wp\/v2\/media?parent=48746"}],"wp:term":[{"taxonomy":"category","embeddable":true,"href":"https:\/\/247stiri.ro\/index.php\/wp-json\/wp\/v2\/categories?post=48746"},{"taxonomy":"post_tag","embeddable":true,"href":"https:\/\/247stiri.ro\/index.php\/wp-json\/wp\/v2\/tags?post=48746"}],"curies":[{"name":"wp","href":"https:\/\/api.w.org\/{rel}","templated":true}]}}