{"id":48757,"date":"2025-04-21T14:44:49","date_gmt":"2025-04-21T14:44:49","guid":{"rendered":"https:\/\/247stiri.ro\/index.php\/2025\/04\/21\/surse-calin-georgescu-va-fi-chemat-saptamana-aceasta-la-parchet-ce-i-a-pregatit-sistemul\/"},"modified":"2025-04-21T14:44:49","modified_gmt":"2025-04-21T14:44:49","slug":"surse-calin-georgescu-va-fi-chemat-saptamana-aceasta-la-parchet-ce-i-a-pregatit-sistemul","status":"publish","type":"post","link":"https:\/\/247stiri.ro\/index.php\/2025\/04\/21\/surse-calin-georgescu-va-fi-chemat-saptamana-aceasta-la-parchet-ce-i-a-pregatit-sistemul\/","title":{"rendered":"SURSE: C\u0103lin Georgescu va fi chemat s\u0103pt\u0103m\u00e2na aceasta la Parchet. Ce i-a preg\u0103tit Sistemul"},"content":{"rendered":"<p>A \u00eenceput num\u0103r\u0103toarea invers\u0103 p\u00e2n\u0103 c\u00e2nd C\u0103lin Georgescu se va prezenta din nou \u00een fa\u021ba procurorilor de la Parchetul General.Conform surselor Realitatea PLUS, s\u0103pt\u0103m\u00e2na\u00a0aceasta\u00a0va fi citat pentru a se prezenta din nou \u00een fa\u021ba\u00a0anchetatorilor\u00a0\u00eentruc\u00e2t sunt ultimele zile din cadrul acestei m\u0103suri preventive, cea de control judiciar pentru 60 de zile.Nici p\u00e2n\u0103 \u00een prezent, \u00een cele 3 dosare penale deschise pe numele acestuia pentru 6 acuza\u021bii extrem de grave, acuza\u021biile care nu se sus\u021bin nici cu probe, dar nici cu argumente concrete de c\u0103tre procurori.Avoca\u021bii acestuia sus\u021bin c\u0103 totul ar fi fost f\u0103cut la presiune politic\u0103 pentru a-i\u00a0\u00eempiedica candidatura\u00a0la alegerile preziden\u021biale.\u00cen tot acest timp, surse apropiate anchetei au precizat pentru Realitatea PLUS faptul c\u0103 tot \u00een aceste dosar se vor face perchezi\u021bii informatice \u0219i vom vedea ce alt\u0103 m\u0103sur\u0103 vor dispune procurorii \u00een cazul lui C\u0103lin Georgescu \u0219i dac\u0103 se vor face noi audieri \u00een\u00a0cazul\u00a0s\u0103u.\u00centre timp, acesta trebuie s\u0103 respecte o serie de reguli \u0219i m\u0103suri extrem de stricte impuse de anchetatori, printre care s\u0103 se prezinte ori de c\u00e2te ori este chemat la sec\u021bia de poli\u021bie, s\u0103 nu p\u0103r\u0103seasc\u0103 \u021bara, s\u0103 nu de\u021bin\u0103 arme \u0219i s\u0103 nu fac\u0103 anumite declara\u021bii care ar putea s\u0103 preschimbe aceast\u0103 m\u0103sur\u0103 preventiv\u0103 \u00eentr-una mult mai dur\u0103.<\/p>","protected":false},"excerpt":{"rendered":"<p>A \u00eenceput num\u0103r\u0103toarea invers\u0103 p\u00e2n\u0103 c\u00e2nd C\u0103lin Georgescu se va prezenta din nou \u00een fa\u021ba&hellip;<\/p>\n","protected":false},"author":0,"featured_media":48755,"comment_status":"open","ping_status":"open","sticky":false,"template":"","format":"standard","meta":{"footnotes":""},"categories":[2],"tags":[],"class_list":["post-48757","post","type-post","status-publish","format-standard","has-post-thumbnail","hentry","category-actual"],"_links":{"self":[{"href":"https:\/\/247stiri.ro\/index.php\/wp-json\/wp\/v2\/posts\/48757","targetHints":{"allow":["GET"]}}],"collection":[{"href":"https:\/\/247stiri.ro\/index.php\/wp-json\/wp\/v2\/posts"}],"about":[{"href":"https:\/\/247stiri.ro\/index.php\/wp-json\/wp\/v2\/types\/post"}],"replies":[{"embeddable":true,"href":"https:\/\/247stiri.ro\/index.php\/wp-json\/wp\/v2\/comments?post=48757"}],"version-history":[{"count":0,"href":"https:\/\/247stiri.ro\/index.php\/wp-json\/wp\/v2\/posts\/48757\/revisions"}],"wp:featuredmedia":[{"embeddable":true,"href":"https:\/\/247stiri.ro\/index.php\/wp-json\/wp\/v2\/media\/48755"}],"wp:attachment":[{"href":"https:\/\/247stiri.ro\/index.php\/wp-json\/wp\/v2\/media?parent=48757"}],"wp:term":[{"taxonomy":"category","embeddable":true,"href":"https:\/\/247stiri.ro\/index.php\/wp-json\/wp\/v2\/categories?post=48757"},{"taxonomy":"post_tag","embeddable":true,"href":"https:\/\/247stiri.ro\/index.php\/wp-json\/wp\/v2\/tags?post=48757"}],"curies":[{"name":"wp","href":"https:\/\/api.w.org\/{rel}","templated":true}]}}