{"id":48782,"date":"2025-04-21T16:44:45","date_gmt":"2025-04-21T16:44:45","guid":{"rendered":"https:\/\/247stiri.ro\/index.php\/2025\/04\/21\/burduja-am-trecut-cu-bine-de-perioada-cea-mai-dificila-pentru-sistemul-energetic-national-unde-s-a-inregistrat-presiunea-cea-mai-mare\/"},"modified":"2025-04-21T16:44:45","modified_gmt":"2025-04-21T16:44:45","slug":"burduja-am-trecut-cu-bine-de-perioada-cea-mai-dificila-pentru-sistemul-energetic-national-unde-s-a-inregistrat-presiunea-cea-mai-mare","status":"publish","type":"post","link":"https:\/\/247stiri.ro\/index.php\/2025\/04\/21\/burduja-am-trecut-cu-bine-de-perioada-cea-mai-dificila-pentru-sistemul-energetic-national-unde-s-a-inregistrat-presiunea-cea-mai-mare\/","title":{"rendered":"Burduja: Am trecut cu bine de perioada cea mai dificil\u0103 pentru sistemul energetic na\u0163ional. Unde s-a \u00eenregistrat presiunea cea mai mare"},"content":{"rendered":"<p>\u201dENERGIA ROM\u00c2NIEI DE PA\u015eTE: F\u0102R\u0102 PROBLEME. Dincolo de titlurile care au anun\u0163at apocalipsa \u015fi blackout-up de Pa\u015fte, realitatea este c\u0103 oamenii care \u0163in lumina aprins\u0103 \u00een Rom\u00e2nia sunt o mare familie de profesioni\u015fti. Iar eu sunt, f\u0103r\u0103 \u00eendoial\u0103, cel mai norocos ministru din Guvern c\u0103 am onoarea s\u0103 lucrez al\u0103turi de ace\u015fti oameni\u201d, a transmis luni ministrul Energiei, \u00eentr-un mesaj pe Facebook.<\/p>\n<p>\u201dAm trecut cu bine de perioada cea mai dificil\u0103 pentru sistemul energetic na\u0163ional \u00een aceast\u0103 perioad\u0103 &#8211; prima \u015fi a doua zi de Pa\u015fte. Pe scurt, totul a fost gestionat impecabil at\u00e2t din punct de vedere al echilibrului &#8211; produc\u0163ie vs. consum, c\u00e2t \u015fi al tensiunilor din re\u0163ele electrice de transport \u015fi distribu\u0163ie\u201d, a ad\u0103ugat Burduja. Ministrul Energiei mai afirm\u0103 c\u0103 nu au lipsit momentele de stres.<\/p>\n<p>\u201dPresiunea cea mai mare a fost \u00een zonele Bucure\u015fti, Craiova \u015fi Slatina, unde ne-am confruntat cu supratensiuni. Dispeceratele teritoriale \u015fi operatorii de distribu\u0163ie s-au coordonat bine \u015fi nu a fost niciun incident\u201d, precizeaz\u0103 el. \u201dAm \u00eenceput, prin eforturile Dispecerului Energetic Na\u0163ional (DEN) &#8211; Transelectrica, s\u0103 preg\u0103tim buna func\u0163ionare a sistemului energetic \u00een zilele de Pa\u015fte \u00eenc\u0103 de acum 3 s\u0103pt\u0103m\u00e2ni. Am avut numeroase scenarii, analize, planuri de ac\u0163iune \u015fi m\u0103suri. \u00cen toat\u0103 aceast\u0103 perioad\u0103 am monitorizat constant prognozele meteo \u015fi am rediscutat fiecare detaliu \u00een parte. Am mers cu scenariile p\u00e2n\u0103 la o eventual\u0103 reducere controlat\u0103 cu 40% a produc\u0163iei la cele dou\u0103 reactoare de la Cernavod\u0103, ceea ce nu a fost cazul nici \u00een prima zi, nici \u00een a doua. Ambele au produs \u00een band\u0103, la capacitatea obi\u015fnuit\u0103\u201d, mai arat\u0103 Sebastian Burduja.<\/p>\n<p>Potrivit lui Burduja, o parte dintre m\u0103suri au fost luate \u00eenc\u0103 de miercuri, c\u00e2nd au fost efectuate teste de capabilitate la mai multe entit\u0103\u0163i care de\u0163in centrale electrice fotovoltaice\/instala\u0163ii de stocare pentru a absorbi c\u00e2t mai mult\u0103 energie reactiv\u0103 din sistem, pentru controlul tensiunilor, apoi prin oprirea r\u00e2nd pe r\u00e2nd a termocentralelor.<\/p>\n<p>\u201d\u00cen noapte de \u00cenviere am \u00eenceput oprirea hidrocentralelor, de la o produc\u0163ie de 2300 MW s\u00e2mb\u0103t\u0103 seara, am sc\u0103zut la 270 MW \u00een dup\u0103-amiaza zilei de Pa\u015fte. Astfel, c\u00e2nd consumul minim al zilei a fost de aproximativ 2500 MW, jum\u0103tate din produc\u0163ia de energie provenea din cele dou\u0103 reactoare de la Cernavod\u0103, iar diferen\u0163a din func\u0163ionarea la parametri minimi a termocentralelor, hidrocentralelor \u015fi centralelor fotovoltaice \u015fi eoliene, cele din urm\u0103 fiind aproape inexistente \u00een sistem\u201d, explic\u0103 ministrul.<\/p>\n<p>\u201dAst\u0103zi, \u00een orele cele mai critice (13-15) consumul s-a men\u0163inut \u00een jurul valorii de 2700 MW. Fa\u0163\u0103 de ieri, ast\u0103zi am avut export de energie, este vorba de c\u00e2teva sute de MW, dar care au contat foarte mult \u00een echilibrarea SEN. Comparativ cu ziua de ieri, produc\u0163ia de energie electric\u0103 fotovoltaic\u0103 \u00een centrale a fost mai mare cu aproximativ 200 &#8211; 300 MW, respectiv o produc\u0163ie la prosumatori, de asemenea, mai mare cu aproximativ 250 &#8211; 300 MW. \u00cen intervalul 13:00 &#8211; 13:15, instala\u0163iile de stocare au jucat un rol foarte important \u015fi au absorbit 133 MW, un nivel record p\u00e2n\u0103 acum. Strategia noastr\u0103 de a pune stocarea pe primul loc \u00een ordinea de priorit\u0103\u0163i a investi\u0163iilor \u00eencepe s\u0103 dea rezultate. Am \u00eenceput anul 2024 cu 15 MW instala\u0163i \u00een stocare \u015fi azi avem 235 MW, cu o capacitate de stocare de energie de 400MWh. \u015ei acceler\u0103m la tura\u0163ie maxim\u0103 cu toate celelalte proiecte de stocare aflate \u00een desf\u0103\u015furare\u201d, mai arat\u0103 Sebastian Burduja.<\/p>\n<p>Ministrul completeaz\u0103 c\u0103, \u201ddatorit\u0103 tuturor ac\u0163iunilor \u00eentreprinse, bazate pe planuri bine puse la punct, sistemul energetic na\u0163ional a fost \u00een permanen\u0163\u0103 \u00een echilibru, neexist\u00e2nd niciun moment probleme de adecvan\u0163\u0103, cu at\u00e2t mai pu\u0163in mult anun\u0163ata c\u0103dere \u00een bezn\u0103 a \u0163\u0103rii\u201d.<\/p>\n<p>\u201dAcest fapt se datoreaz\u0103 \u00een egal\u0103 m\u0103sur\u0103 tuturor celor care au lucrat la planurile de ac\u0163iune, celor care au contribuit din proprie ini\u0163iativ\u0103 (asocia\u0163iile de profil prin apeluri civice, produc\u0103torii priva\u0163i, prosumatorii), celor care au stat \u00een noaptea de \u00cenviere \u015fi \u00een zilele de Pa\u015fte la serviciu. V\u0103z\u00e2nd toat\u0103 mobilizarea de for\u0163e \u015fi dedicarea profesioni\u015ftilor, am fost ferm convins c\u0103 nu exist\u0103 niciun risc de blackout \u00een sistemul energetic din Rom\u00e2nia. Ceea ce am \u015fi transmis public \u00een repetate r\u00e2nduri. M-a \u00eentrebat cineva dac\u0103 ar fi fost la fel dac\u0103 nu am fi ac\u0163ionat din timp. Nu vreau s\u0103 m\u0103 g\u00e2ndesc la asta, c\u0103ci acesta nu este stilul de lucru al echipei mele. Nu l\u0103s\u0103m nimic la voia \u00eent\u00e2mpl\u0103rii\u201d, explic\u0103 Burduja.<\/p>\n<p>\u201dCa o concluzie a acestor dou\u0103 zile: avem oameni dedica\u0163i \u015fi preg\u0103ti\u0163i, adev\u0103ra\u0163i profesioni\u015fti, \u00een fa\u0163a c\u0103rora m\u0103 \u00eenclin \u015fi le mul\u0163umesc \u00eenc\u0103 o dat\u0103, avem un mix energetic echilibrat \u015fi flexibil, dar care are nevoie de o continuare accelerat\u0103 a investi\u0163iilor. Am \u00eencredere c\u0103 \u00een 2028, prin proiectele deja \u00eencepute din PNRR \u015fi Fondul pentru Modernizare, energia Rom\u00e2niei va fi mult mai mult\u0103, mai rezilient\u0103 \u015fi mai competitiv\u0103, cu noile capacit\u0103\u0163i de produc\u0163ie, investi\u0163iile \u00een re\u0163ele \u015fi extinderea capacit\u0103\u0163ilor de stocare. Hristos a \u00cenviat!\u201d, a mai spus ministrul Energiei.<\/p>","protected":false},"excerpt":{"rendered":"<p>\u201dENERGIA ROM\u00c2NIEI DE PA\u015eTE: F\u0102R\u0102 PROBLEME. Dincolo de titlurile care au anun\u0163at apocalipsa \u015fi blackout-up&hellip;<\/p>\n","protected":false},"author":0,"featured_media":48783,"comment_status":"open","ping_status":"open","sticky":false,"template":"","format":"standard","meta":{"footnotes":""},"categories":[3],"tags":[],"class_list":["post-48782","post","type-post","status-publish","format-standard","has-post-thumbnail","hentry","category-politica"],"_links":{"self":[{"href":"https:\/\/247stiri.ro\/index.php\/wp-json\/wp\/v2\/posts\/48782","targetHints":{"allow":["GET"]}}],"collection":[{"href":"https:\/\/247stiri.ro\/index.php\/wp-json\/wp\/v2\/posts"}],"about":[{"href":"https:\/\/247stiri.ro\/index.php\/wp-json\/wp\/v2\/types\/post"}],"replies":[{"embeddable":true,"href":"https:\/\/247stiri.ro\/index.php\/wp-json\/wp\/v2\/comments?post=48782"}],"version-history":[{"count":0,"href":"https:\/\/247stiri.ro\/index.php\/wp-json\/wp\/v2\/posts\/48782\/revisions"}],"wp:featuredmedia":[{"embeddable":true,"href":"https:\/\/247stiri.ro\/index.php\/wp-json\/wp\/v2\/media\/48783"}],"wp:attachment":[{"href":"https:\/\/247stiri.ro\/index.php\/wp-json\/wp\/v2\/media?parent=48782"}],"wp:term":[{"taxonomy":"category","embeddable":true,"href":"https:\/\/247stiri.ro\/index.php\/wp-json\/wp\/v2\/categories?post=48782"},{"taxonomy":"post_tag","embeddable":true,"href":"https:\/\/247stiri.ro\/index.php\/wp-json\/wp\/v2\/tags?post=48782"}],"curies":[{"name":"wp","href":"https:\/\/api.w.org\/{rel}","templated":true}]}}