{"id":48786,"date":"2025-04-21T16:44:47","date_gmt":"2025-04-21T16:44:47","guid":{"rendered":"https:\/\/247stiri.ro\/index.php\/2025\/04\/21\/vizita-istorica-a-papei-francisc-in-romania-in-2019-sute-de-mii-de-romani-din-toate-colturile-tarii-au-venit-atunci-sa-l-vada-pe-suveranul-pontif\/"},"modified":"2025-04-21T16:44:47","modified_gmt":"2025-04-21T16:44:47","slug":"vizita-istorica-a-papei-francisc-in-romania-in-2019-sute-de-mii-de-romani-din-toate-colturile-tarii-au-venit-atunci-sa-l-vada-pe-suveranul-pontif","status":"publish","type":"post","link":"https:\/\/247stiri.ro\/index.php\/2025\/04\/21\/vizita-istorica-a-papei-francisc-in-romania-in-2019-sute-de-mii-de-romani-din-toate-colturile-tarii-au-venit-atunci-sa-l-vada-pe-suveranul-pontif\/","title":{"rendered":"Vizita istoric\u0103 a Papei Francisc \u00een Rom\u00e2nia, \u00een 2019.  Sute de mii de rom\u00e2ni din toate col\u021burile \u021b\u0103rii au venit atunci s\u0103-l vad\u0103 pe Suveranul Pontif"},"content":{"rendered":"<p>\u00cen anul 2019, rom\u00e2nii s-au bucurat de vizita Papei Francisc \u00een \u021bara noastr\u0103. A fost prima vizit\u0103 \u00eentr-o \u021bar\u0103 ortodox\u0103 pe care suveranul Pontif a f\u0103cut-o \u00een pontificatul s\u0103u \u0219i a doua a unui pap\u0103 \u00een Rom\u00e2nia, dup\u0103 vizita istoric\u0103 din mai 1999 a Papei Ioan Paul al II-lea la Bucure\u015fti.Prima oprire a Papei Francisc a fost la Patriarhia Rom\u00e2n\u0103 acolo unde Patriarhul Daniel \u00eempreun\u0103 cu membrii Sf\u00e2ntului Sinod l-au \u00eent\u00e2mpinat pe suveranul pontif. Au urmat \u00eent\u00e2lniri cu pre\u0219edintele de la acea vreme, Klaus Iohanis dar \u0219i cu al\u021bi oficiali.Sute de mii de pelerini au participat atunci la evenimentele publice organizate la Bucure\u0219ti, \u0218umuleu Ciuc, Ia\u0219i dar \u0219i Blaj.Pe C\u00e2mpia Libert\u0103\u0163ii din Blaj Papa a oficiat ceremonia de beatificare a \u015fapte episcopi greco-catolici martiri, care au suferit persecu\u021bii \u00een regimul comunist. Iar la Ia\u0219i a vizitat Catedrala Sf\u00e2nta Maria, Regin\u0103, unde peste 140.000 de pelerini l-au \u00eent\u00e2mpinat.<\/p>\n<p>Papa Francisc a \u0163inut o liturghie \u0219i \u00een Harghita, la \u015eumuleu Ciuc, locul celui mai mare pelerinaj cre\u015ftin din Europa Central\u0103 \u015fi de Est. Peste 100 de mii de oameni veni\u021bi din mai multe col\u021buri ale lumii au \u00eenfruntat atunci ploaia \u015fi cea\u0163a ca s\u0103 \u00eel a\u015ftepte. \u00cen discursurile sale, Papa Francisc a subliniat importan\u021ba unit\u0103\u021bii \u00eentre cre\u0219tini \u0219i a fraternit\u0103\u021bii umane.<\/p>","protected":false},"excerpt":{"rendered":"<p>\u00cen anul 2019, rom\u00e2nii s-au bucurat de vizita Papei Francisc \u00een \u021bara noastr\u0103. A fost&hellip;<\/p>\n","protected":false},"author":0,"featured_media":48787,"comment_status":"open","ping_status":"open","sticky":false,"template":"","format":"standard","meta":{"footnotes":""},"categories":[2],"tags":[],"class_list":["post-48786","post","type-post","status-publish","format-standard","has-post-thumbnail","hentry","category-actual"],"_links":{"self":[{"href":"https:\/\/247stiri.ro\/index.php\/wp-json\/wp\/v2\/posts\/48786","targetHints":{"allow":["GET"]}}],"collection":[{"href":"https:\/\/247stiri.ro\/index.php\/wp-json\/wp\/v2\/posts"}],"about":[{"href":"https:\/\/247stiri.ro\/index.php\/wp-json\/wp\/v2\/types\/post"}],"replies":[{"embeddable":true,"href":"https:\/\/247stiri.ro\/index.php\/wp-json\/wp\/v2\/comments?post=48786"}],"version-history":[{"count":0,"href":"https:\/\/247stiri.ro\/index.php\/wp-json\/wp\/v2\/posts\/48786\/revisions"}],"wp:featuredmedia":[{"embeddable":true,"href":"https:\/\/247stiri.ro\/index.php\/wp-json\/wp\/v2\/media\/48787"}],"wp:attachment":[{"href":"https:\/\/247stiri.ro\/index.php\/wp-json\/wp\/v2\/media?parent=48786"}],"wp:term":[{"taxonomy":"category","embeddable":true,"href":"https:\/\/247stiri.ro\/index.php\/wp-json\/wp\/v2\/categories?post=48786"},{"taxonomy":"post_tag","embeddable":true,"href":"https:\/\/247stiri.ro\/index.php\/wp-json\/wp\/v2\/tags?post=48786"}],"curies":[{"name":"wp","href":"https:\/\/api.w.org\/{rel}","templated":true}]}}