{"id":48790,"date":"2025-04-21T16:44:49","date_gmt":"2025-04-21T16:44:49","guid":{"rendered":"https:\/\/247stiri.ro\/index.php\/2025\/04\/21\/alerta-in-tulcea-doua-surori-de-14-si-16-ani-date-disparute-lenuta-si-bianca-sunt-de-negasit\/"},"modified":"2025-04-21T16:44:49","modified_gmt":"2025-04-21T16:44:49","slug":"alerta-in-tulcea-doua-surori-de-14-si-16-ani-date-disparute-lenuta-si-bianca-sunt-de-negasit","status":"publish","type":"post","link":"https:\/\/247stiri.ro\/index.php\/2025\/04\/21\/alerta-in-tulcea-doua-surori-de-14-si-16-ani-date-disparute-lenuta-si-bianca-sunt-de-negasit\/","title":{"rendered":"Alert\u0103 \u00een Tulcea: dou\u0103 surori de 14 \u0219i 16 ani, date disp\u0103rute. Lenu\u021ba \u0219i Bianca sunt de neg\u0103sit"},"content":{"rendered":"<p>Ultima oar\u0103 au fost v\u0103zute s\u00e2mb\u0103t\u0103 dup\u0103-amiaz\u0103, iar de atunci familia nu mai are nicio veste despre ele. Inspectoratul de Poli\u021bie Jude\u021bean Tulcea a emis un apel public \u0219i le-a inclus pe cele dou\u0103 fete \u00een urm\u0103rire na\u021bional\u0103.<\/p>\n<p><a href=\"https:\/\/www.realitatea.net\/stiri\/actual\/o-adolescenta-de-15-ani-din-constanta-a-disparut-de-acasa-an-ziua-de-paste_6803a7fe114e5f61346f5757\" target=\"_blank\">Cazul este tratat<\/a> cu prioritate, iar poli\u021bi\u0219tii desf\u0103\u0219oar\u0103 cercet\u0103ri pentru a le depista c\u00e2t mai rapid.<\/p>\n<p>Semnalmentele fetelor disp\u0103rute<\/p>\n<p>S\u00eerla-Bianca Stoean, \u00een v\u00e2rst\u0103 de 16 ani, are o \u00een\u0103l\u021bime de 1,60 m, p\u0103r castaniu lung, ochi verzi \u0219i o constitu\u021bie atletic\u0103. Are o cicatrice de aproximativ doi centimetri deasupra arcadei st\u00e2ngi. La momentul dispari\u021biei, era \u00eembr\u0103cat\u0103 cu o geac\u0103 maro, bluz\u0103 alb\u0103, fust\u0103 neagr\u0103 din denim \u0219i pantofi sport albi. Poli\u021bi\u0219tii precizeaz\u0103 c\u0103 fata are asupra sa un telefon mobil, \u00eens\u0103 refuz\u0103 s\u0103 r\u0103spund\u0103 apelurilor.<\/p>\n<p>Tanaca-Altina-Lenu\u0163a Stoean, sora mai mic\u0103, \u00een v\u00e2rst\u0103 de 14 ani, are o \u00een\u0103l\u021bime de 1,50 m, p\u0103r blond lung \u0219i ochi c\u0103prui. La plecare, purta o rochie alb\u0103 cu imprimeu floral albastru \u0219i pantofi sport albi. Nu prezint\u0103 semne distinctive vizibile.<\/p>\n<p>Autorit\u0103\u021bile cer sprijinul cet\u0103\u021benilor<\/p>\n<p>\u201ePoli\u0163i\u015ftii au demarat de urgen\u021b\u0103 toate procedurile pentru localizarea minorilor, cele dou\u0103 fiind date \u00een urm\u0103rire na\u021bional\u0103\u201d, au transmis reprezentan\u021bii IPJ Tulcea.<\/p>\n<p>Oricine are informa\u021bii despre locul \u00een care s-ar putea afla fetele este rugat s\u0103 contacteze de urgen\u021b\u0103 Poli\u021bia, fie prin apel la 112, fie anun\u021b\u00e2nd cea mai apropiat\u0103 sec\u021bie.<\/p>\n<p>Dispari\u021bia adolescentelor ridic\u0103 \u00eengrijor\u0103ri serioase \u00een r\u00e2ndul comunit\u0103\u021bii locale, iar <a href=\"https:\/\/www.realitatea.net\/stiri\/actual\/alerta-disparitie-minor-filip-are-16-ani-si-este-de-negasit_67faa4c420e98d06446330e2\" target=\"_blank\">ancheta este \u00een plin\u0103 desf\u0103\u0219urare.<\/a><\/p>","protected":false},"excerpt":{"rendered":"<p>Ultima oar\u0103 au fost v\u0103zute s\u00e2mb\u0103t\u0103 dup\u0103-amiaz\u0103, iar de atunci familia nu mai are nicio&hellip;<\/p>\n","protected":false},"author":0,"featured_media":48791,"comment_status":"open","ping_status":"open","sticky":false,"template":"","format":"standard","meta":{"footnotes":""},"categories":[2],"tags":[],"class_list":["post-48790","post","type-post","status-publish","format-standard","has-post-thumbnail","hentry","category-actual"],"_links":{"self":[{"href":"https:\/\/247stiri.ro\/index.php\/wp-json\/wp\/v2\/posts\/48790","targetHints":{"allow":["GET"]}}],"collection":[{"href":"https:\/\/247stiri.ro\/index.php\/wp-json\/wp\/v2\/posts"}],"about":[{"href":"https:\/\/247stiri.ro\/index.php\/wp-json\/wp\/v2\/types\/post"}],"replies":[{"embeddable":true,"href":"https:\/\/247stiri.ro\/index.php\/wp-json\/wp\/v2\/comments?post=48790"}],"version-history":[{"count":0,"href":"https:\/\/247stiri.ro\/index.php\/wp-json\/wp\/v2\/posts\/48790\/revisions"}],"wp:featuredmedia":[{"embeddable":true,"href":"https:\/\/247stiri.ro\/index.php\/wp-json\/wp\/v2\/media\/48791"}],"wp:attachment":[{"href":"https:\/\/247stiri.ro\/index.php\/wp-json\/wp\/v2\/media?parent=48790"}],"wp:term":[{"taxonomy":"category","embeddable":true,"href":"https:\/\/247stiri.ro\/index.php\/wp-json\/wp\/v2\/categories?post=48790"},{"taxonomy":"post_tag","embeddable":true,"href":"https:\/\/247stiri.ro\/index.php\/wp-json\/wp\/v2\/tags?post=48790"}],"curies":[{"name":"wp","href":"https:\/\/api.w.org\/{rel}","templated":true}]}}