{"id":48792,"date":"2025-04-21T16:44:50","date_gmt":"2025-04-21T16:44:50","guid":{"rendered":"https:\/\/247stiri.ro\/index.php\/2025\/04\/21\/crima-socanta-a-doua-zi-de-paste-o-femeie-este-acuzata-ca-si-a-ucis-concubinul-cu-un-topor-de-doua-zile-i-am-luat-fata-nu-regret\/"},"modified":"2025-04-21T16:44:50","modified_gmt":"2025-04-21T16:44:50","slug":"crima-socanta-a-doua-zi-de-paste-o-femeie-este-acuzata-ca-si-a-ucis-concubinul-cu-un-topor-de-doua-zile-i-am-luat-fata-nu-regret","status":"publish","type":"post","link":"https:\/\/247stiri.ro\/index.php\/2025\/04\/21\/crima-socanta-a-doua-zi-de-paste-o-femeie-este-acuzata-ca-si-a-ucis-concubinul-cu-un-topor-de-doua-zile-i-am-luat-fata-nu-regret\/","title":{"rendered":"Crim\u0103 \u0219ocant\u0103 a doua zi de Pa\u0219te! O femeie este acuzat\u0103 c\u0103 \u0219i-a ucis concubinul cu un topor: \u201eDe dou\u0103 zile, i-am luat fa\u0163a. Nu regret\u201d"},"content":{"rendered":"<p><a href=\"https:\/\/www.realitatea.net\/stiri\/actual\/crima-socanta-in-prima-zi-de-paste-o-femeie-de-doar-20-de-ani-a-fost-injunghiata-de-sot_6804f0bba335766e417c5b42\" target=\"_blank\">Potrivit anchetatorilor<\/a>, agresiunea s-ar fi petrecut pe fondul consumului de alcool \u0219i al unei alterca\u021bii spontane.<\/p>\n<p>Ce au anun\u021bat oamenii legii?<\/p>\n<p>Procurorii Parchetului de pe l\u00e2ng\u0103 Tribunalul Mehedin\u021bi au precizat c\u0103 femeia l-ar fi lovit \u00een mod repetat pe b\u0103rbatul de 50 de ani cu o secure, provoc\u00e2ndu-i leziuni grave la nivelul capului. \u00cen urma traumatismelor severe, victima a decedat. Trupul ne\u00eensufle\u021bit a fost preluat pentru efectuarea necropsiei, iar ancheta este \u00een desf\u0103\u0219urare.<\/p>\n<p>Femeia a fost re\u021binut\u0103 pentru 24 de ore \u0219i urmeaz\u0103 s\u0103 fie prezentat\u0103 judec\u0103torului de drepturi \u0219i libert\u0103\u021bi cu propunerea de arestare preventiv\u0103. Conform declara\u021biilor publice, aceasta nu \u0219i-a exprimat regretul pentru fapta comis\u0103, afirm\u00e2nd: \u201eDe dou\u0103 zile i-am luat fa\u021ba. Nu regret.\u201d<\/p>\n<p>Reprezentan\u021bii parchetului au mai men\u021bionat c\u0103 femeia are antecedente penale, fiind condamnat\u0103 anterior pentru furt, distrugere \u0219i ultraj, inclusiv pentru agresarea fizic\u0103 a unui agent de poli\u021bie.<\/p>\n<p>\u00a0Cercet\u0103rile continu\u0103 pentru stabilirea tuturor circumstan\u021belor <a href=\"https:\/\/www.realitatea.net\/stiri\/extern\/plan-diabolic-un-tanar-moldovean-sia-ucis-parintii-pentru-bani-ca-sal-omoare-pe-trump_67fcbff463e4b6012e25bf12\" target=\"_blank\">\u00een care s-a produs tragedia.<\/a><\/p>","protected":false},"excerpt":{"rendered":"<p>Potrivit anchetatorilor, agresiunea s-ar fi petrecut pe fondul consumului de alcool \u0219i al unei alterca\u021bii&hellip;<\/p>\n","protected":false},"author":0,"featured_media":48793,"comment_status":"open","ping_status":"open","sticky":false,"template":"","format":"standard","meta":{"footnotes":""},"categories":[2],"tags":[],"class_list":["post-48792","post","type-post","status-publish","format-standard","has-post-thumbnail","hentry","category-actual"],"_links":{"self":[{"href":"https:\/\/247stiri.ro\/index.php\/wp-json\/wp\/v2\/posts\/48792","targetHints":{"allow":["GET"]}}],"collection":[{"href":"https:\/\/247stiri.ro\/index.php\/wp-json\/wp\/v2\/posts"}],"about":[{"href":"https:\/\/247stiri.ro\/index.php\/wp-json\/wp\/v2\/types\/post"}],"replies":[{"embeddable":true,"href":"https:\/\/247stiri.ro\/index.php\/wp-json\/wp\/v2\/comments?post=48792"}],"version-history":[{"count":0,"href":"https:\/\/247stiri.ro\/index.php\/wp-json\/wp\/v2\/posts\/48792\/revisions"}],"wp:featuredmedia":[{"embeddable":true,"href":"https:\/\/247stiri.ro\/index.php\/wp-json\/wp\/v2\/media\/48793"}],"wp:attachment":[{"href":"https:\/\/247stiri.ro\/index.php\/wp-json\/wp\/v2\/media?parent=48792"}],"wp:term":[{"taxonomy":"category","embeddable":true,"href":"https:\/\/247stiri.ro\/index.php\/wp-json\/wp\/v2\/categories?post=48792"},{"taxonomy":"post_tag","embeddable":true,"href":"https:\/\/247stiri.ro\/index.php\/wp-json\/wp\/v2\/tags?post=48792"}],"curies":[{"name":"wp","href":"https:\/\/api.w.org\/{rel}","templated":true}]}}