{"id":488,"date":"2024-10-21T08:53:24","date_gmt":"2024-10-21T08:53:24","guid":{"rendered":"https:\/\/247stiri.ro\/index.php\/2024\/10\/21\/cand-incepe-postul-craciunului-in-2024-zilele-cu-dezlegare-la-peste\/"},"modified":"2024-10-21T08:53:24","modified_gmt":"2024-10-21T08:53:24","slug":"cand-incepe-postul-craciunului-in-2024-zilele-cu-dezlegare-la-peste","status":"publish","type":"post","link":"https:\/\/247stiri.ro\/index.php\/2024\/10\/21\/cand-incepe-postul-craciunului-in-2024-zilele-cu-dezlegare-la-peste\/","title":{"rendered":"C\u00e2nd \u00eencepe Postul Cr\u0103ciunului \u00een 2024. Zilele cu dezlegare la pe\u0219te"},"content":{"rendered":"<p>L\u0103satul secului are loc joi, 14 noiembrie, anun\u021b\u0103 BOR. Acest post se \u00eencheie pe 24 decembrie 2024.<\/p>\n<p>Potrivit tradi\u021biei stabilite cu timpul \u00een Biserica Ortodox\u0103, Postului Cr\u0103ciunului este de asprime mijlocie, fiind un post al bucuriei.\u00a0<\/p>\n<p>A\u0219adar, pe l\u00e2ng\u0103 ab\u021binerea de la m\u00e2nc\u0103rurile \u201ede dulce\u201d \u0219i alte renun\u021b\u0103ri, Biserica propune un program liturgic \u00een care un loc special \u00eel ocup\u0103 colindele tradi\u021bionale.\u00a0<\/p>\n<p>Se spun\u0103 c\u0103 toate colindele au rolul de a purifica sufletul \u0219i de a-l preg\u0103ti pentru Na\u0219terea Domnului.<\/p>\n<p>Postul Na\u0219terii Domnului (al Cr\u0103ciunului) a fost r\u00e2nduit de Biseric\u0103 pentru a-i preg\u0103ti pe credincio\u0219i de s\u0103rb\u0103torirea marelui praznic al na\u0219terii M\u00e2ntuitorului Iisus Hristos.\u00a0<\/p>\n<p>El aduce aminte cre\u0219tinilor de patriarhii \u0219i drep\u021bii din Vechiul Testament, care au petrecut timp \u00eendelungat \u00een post \u0219i rug\u0103ciune, \u00een a\u0219teptarea \u0219i cu n\u0103dejdea venirii lui Mesia \u2013 Izb\u0103vitorul.<\/p>\n<p>Zilele cu dezlegare la pe\u0219te din Postul Cr\u0103ciunului 2024:<\/p>\n<p>joi, 21 noiembries\u00e2mb\u0103t\u0103, 23 noiembrieduminic\u0103, 24 noiembrieluni, 25 noiembries\u00e2mb\u0103t\u0103, 30 noiembrieduminic\u0103, 1 decembriemar\u021bi, 3 decembriejoi, 5 decembrievinerii, 6 decembries\u00e2mb\u0103t\u0103, 7 decembrieduminic\u0103, 8 decembriejoi, 12 decembries\u00e2mb\u0103t\u0103, 14 decembrieduminic\u0103, 15 decembrie<\/p>\n<p>\u00a0<\/p>\n<p>\u00a0<\/p>","protected":false},"excerpt":{"rendered":"<p>L\u0103satul secului are loc joi, 14 noiembrie, anun\u021b\u0103 BOR. Acest post se \u00eencheie pe 24&hellip;<\/p>\n","protected":false},"author":0,"featured_media":489,"comment_status":"open","ping_status":"open","sticky":false,"template":"","format":"standard","meta":{"footnotes":""},"categories":[2],"tags":[],"class_list":["post-488","post","type-post","status-publish","format-standard","has-post-thumbnail","hentry","category-actual"],"_links":{"self":[{"href":"https:\/\/247stiri.ro\/index.php\/wp-json\/wp\/v2\/posts\/488","targetHints":{"allow":["GET"]}}],"collection":[{"href":"https:\/\/247stiri.ro\/index.php\/wp-json\/wp\/v2\/posts"}],"about":[{"href":"https:\/\/247stiri.ro\/index.php\/wp-json\/wp\/v2\/types\/post"}],"replies":[{"embeddable":true,"href":"https:\/\/247stiri.ro\/index.php\/wp-json\/wp\/v2\/comments?post=488"}],"version-history":[{"count":0,"href":"https:\/\/247stiri.ro\/index.php\/wp-json\/wp\/v2\/posts\/488\/revisions"}],"wp:featuredmedia":[{"embeddable":true,"href":"https:\/\/247stiri.ro\/index.php\/wp-json\/wp\/v2\/media\/489"}],"wp:attachment":[{"href":"https:\/\/247stiri.ro\/index.php\/wp-json\/wp\/v2\/media?parent=488"}],"wp:term":[{"taxonomy":"category","embeddable":true,"href":"https:\/\/247stiri.ro\/index.php\/wp-json\/wp\/v2\/categories?post=488"},{"taxonomy":"post_tag","embeddable":true,"href":"https:\/\/247stiri.ro\/index.php\/wp-json\/wp\/v2\/tags?post=488"}],"curies":[{"name":"wp","href":"https:\/\/api.w.org\/{rel}","templated":true}]}}