{"id":48826,"date":"2025-04-21T19:44:47","date_gmt":"2025-04-21T19:44:47","guid":{"rendered":"https:\/\/247stiri.ro\/index.php\/2025\/04\/21\/apropiatii-papei-francisc-vorbesc-activitatile-din-ultimele-sale-zile-in-ciuda-bolii-grele-a-ales-sa-nu-se-menajeze\/"},"modified":"2025-04-21T19:44:47","modified_gmt":"2025-04-21T19:44:47","slug":"apropiatii-papei-francisc-vorbesc-activitatile-din-ultimele-sale-zile-in-ciuda-bolii-grele-a-ales-sa-nu-se-menajeze","status":"publish","type":"post","link":"https:\/\/247stiri.ro\/index.php\/2025\/04\/21\/apropiatii-papei-francisc-vorbesc-activitatile-din-ultimele-sale-zile-in-ciuda-bolii-grele-a-ales-sa-nu-se-menajeze\/","title":{"rendered":"Apropia\u021bii Papei Francisc vorbesc activit\u0103\u021bile din ultimele sale zile, \u00een ciuda bolii grele. \u201eA ales s\u0103 nu se menajeze\u201d"},"content":{"rendered":"<p>\u00cen Duminica Pa\u0219telui, cu o zi \u00eenainte de moartea sa, la v\u00e2rsta de 88 de ani, Francisc a avut prima sa apari\u021bie public\u0103 prelungit\u0103 din februarie, intr\u00e2nd \u00een Pia\u021ba Sf\u00e2ntul Petru \u00eentr-un papamobil alb pentru a saluta mul\u021bimile care \u00eel aclamau.\u0218i pentru a doua oar\u0103 de c\u00e2nd a p\u0103r\u0103sit spitalul pe 23 martie, papa s-a \u00eent\u00e2lnit duminic\u0103 \u0219i cu lideri str\u0103ini, primindu-l pe vicepre\u0219edintele american JD Vance la re\u0219edin\u021ba sa pentru o scurt\u0103 \u00eent\u00e2lnire.Prim-ministrul croat, Andrej Plenkovic, \u0219i familia sa au avut, de asemenea, o scurt\u0103 \u00eent\u00e2lnire cu Francisc duminic\u0103.\u00cen ultima sa apari\u021bie public\u0103 de duminic\u0103, Francisc a rostit doar c\u00e2teva cuvinte, ur\u00e2nd un Pa\u0219te fericit cu o voce r\u0103gu\u0219it\u0103 celor aproximativ 35.000 de persoane adunate \u00een Pia\u021ba Sf\u00e2ntul Petru.\u00centr-un mesaj tradi\u021bional de Pa\u0219te, citit de un consilier, Francisc a reiterat apelul s\u0103u frecvent pentru o \u00eencetare a focului \u00een Gaza, numind situa\u021bia umanitar\u0103 din enclav\u0103 &#8222;deplorabil\u0103&#8221;.Papa a cerut, de asemenea, grup\u0103rii militante palestiniene Hamas s\u0103 elibereze ostaticii r\u0103ma\u0219i \u0219i a condamnat ceea ce a numit o tendin\u021b\u0103 &#8222;\u00eengrijor\u0103toare&#8221; a antisemitismului \u00een lume.P\u0103rintele Gabriel Romanelli, de la o parohie din Gaza unde Papa a sunat \u00een mod regulat \u00een timpul r\u0103zboiului dintre Israel \u0219i Hamas, a declarat pentru Vatican News: \u201dPapa ne-a sunat pentru ultima dat\u0103 s\u00e2mb\u0103t\u0103 seara, chiar \u00eenainte de Vigilia Pascal\u0103, c\u00e2nd ne rugam Rozariul. El ne-a spus c\u0103 se roag\u0103 pentru noi, ne-a binecuv\u00e2ntat \u0219i ne-a mul\u021bumit pentru rug\u0103ciunile noastre \u00een favoarea sa&#8221;.Ministrul familiei din Italia, Eugenia Roccella, a declarat c\u0103 Francisc a dat totul, p\u00e2n\u0103 la cap\u0103t. Papa, a spus ea \u00eentr-un comunicat, &#8222;a ales s\u0103 nu se menajeze, transmi\u021b\u00e2nd prin suferin\u021ba sa, prin apropierea sa fizic\u0103, un mesaj despre \u00eentreaga sa papalitate&#8221;.<\/p>\n<p><a title=\"CTP arunca bomba: JD Vance, responsabil de moartea Papei Francisc\" href=\"https:\/\/www.realitatea.net\/stiri\/actual\/ctp-arunca-bomba-jd-vance-responsabil-de-moartea-papei-francisc_68064c33d8fcf9444b31e8d2\">CTP arunc\u0103 bomba: JD Vance, responsabil de moartea Papei Francisc<\/a>Pentru cineva aflat \u00een convalescen\u021b\u0103 dup\u0103 o boal\u0103 prelungit\u0103, Francisc lucra din greu.Cardinalul Michael Czerny, un \u00eenalt oficial de la Vatican care a fost apropiat de Francisc, a declarat: &#8222;Odihna absolut\u0103 nu vindec\u0103\u201d, ad\u0103ug\u00e2nd: &#8222;El a \u00eembinat convalescen\u021ba cu calitatea sa de episcop al Romei&#8221;.Czerny a spus c\u0103 Papa a fost devotat muncii sale de a conduce catolicii din \u00eentreaga lume.Cit\u00e2nd o instruc\u021biune pe care Francisc a dat-o adesea episcopilor catolici pentru a se asigura c\u0103 sunt aproape de turmele lor, Czerny a spus: &#8222;A murit cu mirosul oilor pe el&#8221;.Austen Ivereigh, un biograf al lui Francisc, a declarat c\u0103 pontiful &#8222;a ascultat cu aten\u021bie sfaturile medicilor s\u0103i, dar prima sa prioritate a fost misiunea sa de prezen\u021b\u0103&#8221;.Francisc, a spus Ivereigh, a fost &#8222;un maestru al sincroniz\u0103rii&#8221;. &#8222;S-a asigurat c\u0103 vom avea un pap\u0103 de Pa\u0219te \u0219i \u0219i-a continuat misiunea de prezen\u021b\u0103 p\u00e2n\u0103 la sf\u00e2r\u0219it&#8221;, a declarat biograful, citat de Agerpres.De la \u00eentoarcerea din spital, Francisc a fost \u00eengrijit 24 de ore din 24 de o asistent\u0103 medical\u0103, potrivit Vaticanului. Papa a primit oxigen peste noapte \u0219i \u00een timpul zilei, \u00een func\u021bie de nevoie, cu ajutorul unui mic furtun.\u00cen timpul \u0219ederii sale \u00een spital, Papa a folosit, de asemenea, ventila\u021bie mecanic\u0103 neinvaziv\u0103, care implic\u0103 plasarea unei m\u0103\u0219ti pe fa\u021b\u0103 pentru a ajuta la \u00eempingerea aerului \u00een pl\u0103m\u00e2ni. El nu a mai folosit ventila\u021bia dup\u0103 ce a p\u0103r\u0103sit spitalul, a comunicat Vaticanul.<\/p>\n<p><a title='Decizia lui Trump dupa moartea Papei Francisc. ,,Un om bun care a muncit din greu\"' href=\"https:\/\/www.realitatea.net\/stiri\/actual\/decizia-lui-trump-dupa-moartea-papei-francisc-un-om-bun-care-a-muncit-din-greu_68068f38e182e51f7c4b3f93\">Decizia lui Trump dup\u0103 moartea Papei Francisc. \u201eUn om bun care a muncit din greu\u201d<\/a><\/p>","protected":false},"excerpt":{"rendered":"<p>\u00cen Duminica Pa\u0219telui, cu o zi \u00eenainte de moartea sa, la v\u00e2rsta de 88 de&hellip;<\/p>\n","protected":false},"author":0,"featured_media":48825,"comment_status":"open","ping_status":"open","sticky":false,"template":"","format":"standard","meta":{"footnotes":""},"categories":[2],"tags":[],"class_list":["post-48826","post","type-post","status-publish","format-standard","has-post-thumbnail","hentry","category-actual"],"_links":{"self":[{"href":"https:\/\/247stiri.ro\/index.php\/wp-json\/wp\/v2\/posts\/48826","targetHints":{"allow":["GET"]}}],"collection":[{"href":"https:\/\/247stiri.ro\/index.php\/wp-json\/wp\/v2\/posts"}],"about":[{"href":"https:\/\/247stiri.ro\/index.php\/wp-json\/wp\/v2\/types\/post"}],"replies":[{"embeddable":true,"href":"https:\/\/247stiri.ro\/index.php\/wp-json\/wp\/v2\/comments?post=48826"}],"version-history":[{"count":0,"href":"https:\/\/247stiri.ro\/index.php\/wp-json\/wp\/v2\/posts\/48826\/revisions"}],"wp:featuredmedia":[{"embeddable":true,"href":"https:\/\/247stiri.ro\/index.php\/wp-json\/wp\/v2\/media\/48825"}],"wp:attachment":[{"href":"https:\/\/247stiri.ro\/index.php\/wp-json\/wp\/v2\/media?parent=48826"}],"wp:term":[{"taxonomy":"category","embeddable":true,"href":"https:\/\/247stiri.ro\/index.php\/wp-json\/wp\/v2\/categories?post=48826"},{"taxonomy":"post_tag","embeddable":true,"href":"https:\/\/247stiri.ro\/index.php\/wp-json\/wp\/v2\/tags?post=48826"}],"curies":[{"name":"wp","href":"https:\/\/api.w.org\/{rel}","templated":true}]}}