{"id":48827,"date":"2025-04-21T19:44:47","date_gmt":"2025-04-21T19:44:47","guid":{"rendered":"https:\/\/247stiri.ro\/index.php\/2025\/04\/21\/si-a-gasit-sfarsitul-la-15-ani-dupa-ce-s-a-rasturnat-cu-trotineta-electrica-moarte-tragice-pentru-o-adolescenta-din-arges\/"},"modified":"2025-04-21T19:44:47","modified_gmt":"2025-04-21T19:44:47","slug":"si-a-gasit-sfarsitul-la-15-ani-dupa-ce-s-a-rasturnat-cu-trotineta-electrica-moarte-tragice-pentru-o-adolescenta-din-arges","status":"publish","type":"post","link":"https:\/\/247stiri.ro\/index.php\/2025\/04\/21\/si-a-gasit-sfarsitul-la-15-ani-dupa-ce-s-a-rasturnat-cu-trotineta-electrica-moarte-tragice-pentru-o-adolescenta-din-arges\/","title":{"rendered":"\u0218i-a g\u0103sit sf\u00e2r\u0219itul la 15 ani, dup\u0103 ce s-a r\u0103sturnat cu trotineta electric\u0103. Moarte tragice pentru o adolescent\u0103 din Arge\u0219"},"content":{"rendered":"<p>&#8222;Din verific\u0103rile preliminare, efectuate de poli\u0163i\u015ftii Forma\u0163iunii Rutiere Topoloveni, a rezultat c\u0103 un minor de 16 ani, din \u015etef\u0103ne\u015fti, care conducea o trotinet\u0103 electric\u0103 pe DJ 704C, pe raza comunei C\u0103line\u015fti, circul\u00e2nd din direc\u0163ia Radu Negru spre Vr\u0103ne\u015fti, \u00een \u00eemprejur\u0103ri care vor fi stabilite prin cercet\u0103ri, a pierdut controlul asupra direc\u0163iei de deplasare, c\u0103z\u00e2nd, \u00eempreun\u0103 cu o minor\u0103 de 15 ani, pasager\u0103 pe acela\u015fi mijloc de transport&#8221;, a transmis Inspectoratul de Poli\u0163ie Jude\u0163ean Arge\u015f, \u00eentr-o informare.<\/p>\n<p>Adolescenta de 15 ani a decedat \u00een urma leziunilor suferite.<\/p>\n<p>Poli\u0163i\u015ftii au deschis un dosar penal pentru ucidere din culp\u0103. \u00cen paralel se fac cercet\u0103ri pentru stabilirea \u00eemprejur\u0103rilor exacte \u00een care s-a produs evenimentul.\u00a0<\/p>","protected":false},"excerpt":{"rendered":"<p>&#8222;Din verific\u0103rile preliminare, efectuate de poli\u0163i\u015ftii Forma\u0163iunii Rutiere Topoloveni, a rezultat c\u0103 un minor de&hellip;<\/p>\n","protected":false},"author":0,"featured_media":48828,"comment_status":"open","ping_status":"open","sticky":false,"template":"","format":"standard","meta":{"footnotes":""},"categories":[2],"tags":[],"class_list":["post-48827","post","type-post","status-publish","format-standard","has-post-thumbnail","hentry","category-actual"],"_links":{"self":[{"href":"https:\/\/247stiri.ro\/index.php\/wp-json\/wp\/v2\/posts\/48827","targetHints":{"allow":["GET"]}}],"collection":[{"href":"https:\/\/247stiri.ro\/index.php\/wp-json\/wp\/v2\/posts"}],"about":[{"href":"https:\/\/247stiri.ro\/index.php\/wp-json\/wp\/v2\/types\/post"}],"replies":[{"embeddable":true,"href":"https:\/\/247stiri.ro\/index.php\/wp-json\/wp\/v2\/comments?post=48827"}],"version-history":[{"count":0,"href":"https:\/\/247stiri.ro\/index.php\/wp-json\/wp\/v2\/posts\/48827\/revisions"}],"wp:featuredmedia":[{"embeddable":true,"href":"https:\/\/247stiri.ro\/index.php\/wp-json\/wp\/v2\/media\/48828"}],"wp:attachment":[{"href":"https:\/\/247stiri.ro\/index.php\/wp-json\/wp\/v2\/media?parent=48827"}],"wp:term":[{"taxonomy":"category","embeddable":true,"href":"https:\/\/247stiri.ro\/index.php\/wp-json\/wp\/v2\/categories?post=48827"},{"taxonomy":"post_tag","embeddable":true,"href":"https:\/\/247stiri.ro\/index.php\/wp-json\/wp\/v2\/tags?post=48827"}],"curies":[{"name":"wp","href":"https:\/\/api.w.org\/{rel}","templated":true}]}}