{"id":48874,"date":"2025-04-22T05:44:46","date_gmt":"2025-04-22T05:44:46","guid":{"rendered":"https:\/\/247stiri.ro\/index.php\/2025\/04\/22\/masura-controversata-ministerul-agriculturii-a-suspendat-tragerile-cu-rachete-antigrindina-cum-sunt-afectate-culturile-din-acest-an\/"},"modified":"2025-04-22T05:44:46","modified_gmt":"2025-04-22T05:44:46","slug":"masura-controversata-ministerul-agriculturii-a-suspendat-tragerile-cu-rachete-antigrindina-cum-sunt-afectate-culturile-din-acest-an","status":"publish","type":"post","link":"https:\/\/247stiri.ro\/index.php\/2025\/04\/22\/masura-controversata-ministerul-agriculturii-a-suspendat-tragerile-cu-rachete-antigrindina-cum-sunt-afectate-culturile-din-acest-an\/","title":{"rendered":"M\u0103sur\u0103 controversat\u0103: Ministerul Agriculturii a suspendat tragerile cu rachete antigrindin\u0103. Cum sunt afectate culturile din acest an"},"content":{"rendered":"<p>\u201dAvem toate \u0219ansele s\u0103 muncim degeaba! Treceau rachetele desupra noastr\u0103, bubiau rachetele \u0219i ploaia c\u0103dea curata\u201d, a declarat un fermier.\u00a0<\/p>\n<p>15 aprilie trebuia s\u0103 fie data la care \u00eencepea sezonul de combatere a c\u0103derilor de grindin\u0103 cu rachete cu iodur\u0103 de argint.<\/p>\n<p>\u00cens\u0103, \u00een acest an, lans\u0103rile sunt blocate printr-o decizie a<a href=\"https:\/\/www.realitatea.net\/stiri\/actual\/romania-ar-putea-deveni-cel-mai-puternic-stat-din-sudestul-europei-in-urmatorii-ani-care-este-domeniul-in-care-ar-putea-atinge-aceasta-performanta_67b9a7d91fe74d1ce27c09f2\" target=\"_blank\"> Ministerului Agriculturii <\/a>care a venit \u00een urma protestelor \u0219i solicit\u0103rilor de la fermierii din Vrancea \u0219i Prahova. Ace\u0219tia cred c\u0103 rachetele sunt de vin\u0103 pentru seceta care le-a distrus culturile.<\/p>\n<p>\u201dO s\u0103 suport\u0103m consecin\u021bele \u0219i ne l\u0103s\u0103m la mila Domnului. Dac\u0103 avem noroc s\u0103 treac\u0103 pe l\u00e2ng\u0103 noi sau s\u0103 ne afecteze. (&#8230;) \u021ain\u00e2nd cont c\u0103 nu mai \u0219tim cum s\u0103 o d\u0103m cu vremea p\u0103rerile sunt \u00eemp\u0103r\u021bite. Pot s\u0103 zic c\u0103 s-a cam abuzat de rachete\u201d, a spus Marin Lupu, viticultor.\u00a0<\/p>\n<p>Cei mai mul\u021bi viticultori din zon\u0103 lucreaz\u0103 suprafe\u021be mici, \u00eentre 2 \u0219i 6 hectare. Pentru ei, o singur\u0103 ploaie cu grindin\u0103 poate duce pe apa s\u00e2mbetei un an de munc\u0103 \u0219i investi\u021bii uria\u0219e.<\/p>\n<p>Speciali\u0219tii spun \u00eens\u0103 c\u0103 sistemul nu influen\u021beaz\u0103 cantitatea de precipita\u021bii, ci doar transform\u0103 grindina \u00een ploaie. \u00a0<\/p>","protected":false},"excerpt":{"rendered":"<p>\u201dAvem toate \u0219ansele s\u0103 muncim degeaba! Treceau rachetele desupra noastr\u0103, bubiau rachetele \u0219i ploaia c\u0103dea&hellip;<\/p>\n","protected":false},"author":0,"featured_media":48875,"comment_status":"open","ping_status":"open","sticky":false,"template":"","format":"standard","meta":{"footnotes":""},"categories":[2],"tags":[],"class_list":["post-48874","post","type-post","status-publish","format-standard","has-post-thumbnail","hentry","category-actual"],"_links":{"self":[{"href":"https:\/\/247stiri.ro\/index.php\/wp-json\/wp\/v2\/posts\/48874","targetHints":{"allow":["GET"]}}],"collection":[{"href":"https:\/\/247stiri.ro\/index.php\/wp-json\/wp\/v2\/posts"}],"about":[{"href":"https:\/\/247stiri.ro\/index.php\/wp-json\/wp\/v2\/types\/post"}],"replies":[{"embeddable":true,"href":"https:\/\/247stiri.ro\/index.php\/wp-json\/wp\/v2\/comments?post=48874"}],"version-history":[{"count":0,"href":"https:\/\/247stiri.ro\/index.php\/wp-json\/wp\/v2\/posts\/48874\/revisions"}],"wp:featuredmedia":[{"embeddable":true,"href":"https:\/\/247stiri.ro\/index.php\/wp-json\/wp\/v2\/media\/48875"}],"wp:attachment":[{"href":"https:\/\/247stiri.ro\/index.php\/wp-json\/wp\/v2\/media?parent=48874"}],"wp:term":[{"taxonomy":"category","embeddable":true,"href":"https:\/\/247stiri.ro\/index.php\/wp-json\/wp\/v2\/categories?post=48874"},{"taxonomy":"post_tag","embeddable":true,"href":"https:\/\/247stiri.ro\/index.php\/wp-json\/wp\/v2\/tags?post=48874"}],"curies":[{"name":"wp","href":"https:\/\/api.w.org\/{rel}","templated":true}]}}