{"id":490,"date":"2024-10-21T10:50:19","date_gmt":"2024-10-21T10:50:19","guid":{"rendered":"https:\/\/247stiri.ro\/index.php\/2024\/10\/21\/detaliul-mai-putin-stiut-din-viata-deliei-budeanu-indragita-prezentatoare-tv-s-a-confruntat-cu-o-boala-crunta-era-sa-mor-si-atunci-am-zis-bun-va-arat-eu\/"},"modified":"2024-10-21T10:50:19","modified_gmt":"2024-10-21T10:50:19","slug":"detaliul-mai-putin-stiut-din-viata-deliei-budeanu-indragita-prezentatoare-tv-s-a-confruntat-cu-o-boala-crunta-era-sa-mor-si-atunci-am-zis-bun-va-arat-eu","status":"publish","type":"post","link":"https:\/\/247stiri.ro\/index.php\/2024\/10\/21\/detaliul-mai-putin-stiut-din-viata-deliei-budeanu-indragita-prezentatoare-tv-s-a-confruntat-cu-o-boala-crunta-era-sa-mor-si-atunci-am-zis-bun-va-arat-eu\/","title":{"rendered":"Detaliul mai pu\u021bin \u0219tiut din via\u021ba Deliei Budeanu. \u00cendr\u0103gita prezentatoare TV s-a confruntat cu o boal\u0103 crunt\u0103: &#8222;Era s\u0103 mor \u0219i atunci am zis: Bun, v\u0103 ar\u0103t eu!&#8221;"},"content":{"rendered":"<p>Cu mul\u021bi ani \u00een urm\u0103, Delia Budeanu a avut de dus o lupt\u0103 grea. \u00cen anul 1993, faimoas\u0103 crainic\u0103 a fost diagnosticat\u0103 cu o boal\u0103 crunt\u0103: cancer! C\u00e2\u021biva ani mai t\u00e2rziu, \u00een 2002, cu z\u00e2mbetul pe buze, a\u0219a cum \u00eei obi\u0219nuise de altfel pe rom\u00e2ni, a dezv\u0103luit cum a reu\u0219it s\u0103 \u00eenving\u0103 aceast\u0103 boal\u0103.<\/p>\n<p>\u201eNu am zis nim\u0103nui\u201d<\/p>\n<p>\u201eAm avut un r\u0103zboi infernal pe care l-am trecut al\u0103turi de Radu, so\u021bul meu. Am avut un cancer infernal. \u0218ti\u021bi cum am trecut de acest cancer? Nelu\u00e2nd \u00een seam\u0103 diagnosticul. N-am crezut c\u0103 este un diagnostic corect \u0219i m-am dus la un mare medic dup\u0103 ce profesorul Ta\u0219cu m-a diagnosticat. Am fost \u0219i operat\u0103. Diagnosticul era ceva de genul neoplasm nu \u0219tiu cum la intestinul sub\u021bire.\u00a0<\/p>\n<p><a href=\"https:\/\/www.realitatea.net\/stiri\/actual\/de-ce-elena-ceausescu-nu-o-suporta-pe-delia-budeanu-jurnalista-a-fost-pedepsita-de-sotia-fostului-lider-comunist_6714a779b012e41a7e57a827\" target=\"_blank\" rel=\"noopener\">De ce Elena Ceau\u0219escu nu o suporta pe Delia Budeanu? Jurnalista a fost pedepsit\u0103 de so\u021bia fostului lider comunist<\/a><\/p>\n<p>M-au pus s\u0103 fac chimioterapie. Dar eu nu am luat \u00een serios. N-am dat doi bani. Am zis c\u0103 toat\u0103 lumea se \u00een\u0219al\u0103. Am zis c\u0103 nu pot s\u0103 am cancer. \u0218tiu c\u0103 este incredibil, dar mi-a ie\u0219it.\u00a0<\/p>\n<p>La prima doz\u0103 de chimioterapie mi-a fost foarte r\u0103u. Mi-a fost at\u00e2t de r\u0103u \u00eenc\u00e2t am decis s\u0103 scot dou\u0103 ingrediente \u0219i s\u0103 las doar o component\u0103. Aceasta din urm\u0103 avea calciu. F\u0103r\u0103 s\u0103 \u0219tie nimeni, am aruncat dou\u0103 la gunoi \u0219i una o f\u0103ceam. Nu am zis nim\u0103nui, c\u0103 nu mi s-ar fi permis. Medicul n-a \u0219tiut. Asistenta nu \u0219i-a dat seama ce fac\u201d, sunt m\u0103rturiile f\u0103cute de Delia Budeanu, \u00een emisiunea \u201eProfesioni\u0219tii\u201d realizat\u0103 de Eugenia Vod\u0103.<\/p>\n<p>\u201eDaaa? Bun, v\u0103 ar\u0103t eu\u201d<\/p>\n<p class=\"svelte-uzyam9\">De asemenea, faimoasa prezentatoare TV a povestit c\u0103 avea frisoane \u00eenfior\u0103toare, iar ulterior temperatur\u0103 40 de grade \u0219i c\u0103 a fost la un pas de moarte atunci:<\/p>\n<p class=\"svelte-uzyam9\">\u201eEste incredibil, dar am f\u0103cut calciu \u0219ase luni. Practic, n-am f\u0103cut chimioterapie, nu mi-a c\u0103zut p\u0103rul, nu s-a \u00eent\u00e2mplat nimic. Doctorii nu \u0219i-au dat seama pentru c\u0103 ce aveam de f\u0103cut era s\u0103 merg joia, \u00eentr-un cabinet, doar eu \u0219i asistenta, s\u0103-mi fac o injec\u021bie. Asta era chimioterapia. Nu am fost internat\u0103, m\u0103 duceam doar joia pentru aceast\u0103 procedur\u0103.<\/p>\n<p class=\"svelte-uzyam9\">Sunt un exemplu! Dup\u0103 prima doz\u0103 de chimioterapie, ficatul meu nu suporta. Era s\u0103 mor atunci. Aveam frisoane \u00eenfior\u0103toare. Patul meu din lemn de nuc \u2013 pus \u00een mijloc \u2013 s-a izbit de perete cum nu s-a \u00eent\u00e2mplat nici la cutremur. Asemenea frisoane am avut! Apoi am avut temperatur\u0103 40 de grade. Era s\u0103 mor \u0219i atunci am zis:\u00a0\u00abDaaa? Bun, v\u0103 ar\u0103t eu chimioterapie!\u00bb Dumnezeule.. dac\u0103 doamna doctor vede aceast\u0103 emisiune\u2026 va spune c\u0103 sunt o troglodit\u0103\u201d, mai povestea regretata crainic\u0103.<\/p>\n<p>Surs\u0103 text: <a href=\"https:\/\/click.ro\/\" target=\"_blank\" rel=\"noopener\">Click.ro<\/a>\u00a0<\/p>","protected":false},"excerpt":{"rendered":"<p>Cu mul\u021bi ani \u00een urm\u0103, Delia Budeanu a avut de dus o lupt\u0103 grea. \u00cen&hellip;<\/p>\n","protected":false},"author":0,"featured_media":491,"comment_status":"open","ping_status":"open","sticky":false,"template":"","format":"standard","meta":{"footnotes":""},"categories":[8],"tags":[],"class_list":["post-490","post","type-post","status-publish","format-standard","has-post-thumbnail","hentry","category-lifestyle"],"_links":{"self":[{"href":"https:\/\/247stiri.ro\/index.php\/wp-json\/wp\/v2\/posts\/490","targetHints":{"allow":["GET"]}}],"collection":[{"href":"https:\/\/247stiri.ro\/index.php\/wp-json\/wp\/v2\/posts"}],"about":[{"href":"https:\/\/247stiri.ro\/index.php\/wp-json\/wp\/v2\/types\/post"}],"replies":[{"embeddable":true,"href":"https:\/\/247stiri.ro\/index.php\/wp-json\/wp\/v2\/comments?post=490"}],"version-history":[{"count":0,"href":"https:\/\/247stiri.ro\/index.php\/wp-json\/wp\/v2\/posts\/490\/revisions"}],"wp:featuredmedia":[{"embeddable":true,"href":"https:\/\/247stiri.ro\/index.php\/wp-json\/wp\/v2\/media\/491"}],"wp:attachment":[{"href":"https:\/\/247stiri.ro\/index.php\/wp-json\/wp\/v2\/media?parent=490"}],"wp:term":[{"taxonomy":"category","embeddable":true,"href":"https:\/\/247stiri.ro\/index.php\/wp-json\/wp\/v2\/categories?post=490"},{"taxonomy":"post_tag","embeddable":true,"href":"https:\/\/247stiri.ro\/index.php\/wp-json\/wp\/v2\/tags?post=490"}],"curies":[{"name":"wp","href":"https:\/\/api.w.org\/{rel}","templated":true}]}}