{"id":49018,"date":"2025-04-22T10:45:03","date_gmt":"2025-04-22T10:45:03","guid":{"rendered":"https:\/\/247stiri.ro\/index.php\/2025\/04\/22\/ion-cristoiu-transeaza-razboiul-dintre-conservatori-si-globalisti-pentru-numirea-noului-suveran-pontif-video\/"},"modified":"2025-04-22T10:45:03","modified_gmt":"2025-04-22T10:45:03","slug":"ion-cristoiu-transeaza-razboiul-dintre-conservatori-si-globalisti-pentru-numirea-noului-suveran-pontif-video","status":"publish","type":"post","link":"https:\/\/247stiri.ro\/index.php\/2025\/04\/22\/ion-cristoiu-transeaza-razboiul-dintre-conservatori-si-globalisti-pentru-numirea-noului-suveran-pontif-video\/","title":{"rendered":"Ion Cristoiu tran\u0219eaz\u0103 r\u0103zboiul dintre conservatori \u0219i globali\u0219ti pentru numirea noului Suveran Pontif | VIDEO"},"content":{"rendered":"<p>Dup\u0103 decesul Papei Francisc, \u00eencepe lupta pentru ocuparea scaunului suveranului pontif. Jurnalistul Ion Cristoiu spun\u0103 c\u0103 s-a \u00eenceput o lupt\u0103 \u00eentre conservatori \u0219i globali\u0219ti, iar numirea noului Pap\u0103 va fi influen\u021bat\u0103 \u0219i de actualul context politic.\u00a0<\/p>\n<p>\u201eS-a ivit ipoteza c\u0103 alegerea va \u021bine \u0219i de o disput\u0103 politic\u0103 \u0219i anume de disputa dintre for\u021bele conservatoare din Europa \u0219i din America, dar \u0219i de for\u021bele neoprogresiste din Europa \u0219i America. Tocmai bine ce a venit o \u00eensemnare a firmei \u0219i a companiei Soros, cea \u00een care Papa Francis este l\u0103udat \u0219i au fost multe suspiciuni din partea for\u021belor conservatoare din America lui Donald Trump, c\u0103 Papa a fost mai mult de partea progresi\u0219tilor dec\u00e2t de partea for\u021belor conservatoare. Ne putem a\u0219tepta \u0219i la o confruntare politic\u0103 \u00een culise, \u021bin\u00e2nd cont de b\u0103t\u0103lia dintre conservatori \u0219i progresi\u0219ti\u201d, conchide jurnalistul.<\/p>\n<p>\u00a0<\/p>\n<p><a title=\"@ioncristoiu\" href=\"https:\/\/www.tiktok.com\/@ioncristoiu?refer=embed\" target=\"_blank\">@ioncristoiu<\/a> <a title=\"cezicecristoiu\" href=\"https:\/\/www.tiktok.com\/tag\/cezicecristoiu?refer=embed\" target=\"_blank\">#cezicecristoiu<\/a> <a title=\"ioncristoiu\" href=\"https:\/\/www.tiktok.com\/tag\/ioncristoiu?refer=embed\" target=\"_blank\">#ioncristoiu<\/a> <a title=\"\u266c sunet original - Ion Cristoiu\" href=\"https:\/\/www.tiktok.com\/music\/sunet-original-7496042208355650326?refer=embed\" target=\"_blank\">\u266c sunet original &#8211; Ion Cristoiu<\/a><\/p>","protected":false},"excerpt":{"rendered":"<p>Dup\u0103 decesul Papei Francisc, \u00eencepe lupta pentru ocuparea scaunului suveranului pontif. Jurnalistul Ion Cristoiu spun\u0103&hellip;<\/p>\n","protected":false},"author":0,"featured_media":49007,"comment_status":"open","ping_status":"open","sticky":false,"template":"","format":"standard","meta":{"footnotes":""},"categories":[2],"tags":[],"class_list":["post-49018","post","type-post","status-publish","format-standard","has-post-thumbnail","hentry","category-actual"],"_links":{"self":[{"href":"https:\/\/247stiri.ro\/index.php\/wp-json\/wp\/v2\/posts\/49018","targetHints":{"allow":["GET"]}}],"collection":[{"href":"https:\/\/247stiri.ro\/index.php\/wp-json\/wp\/v2\/posts"}],"about":[{"href":"https:\/\/247stiri.ro\/index.php\/wp-json\/wp\/v2\/types\/post"}],"replies":[{"embeddable":true,"href":"https:\/\/247stiri.ro\/index.php\/wp-json\/wp\/v2\/comments?post=49018"}],"version-history":[{"count":0,"href":"https:\/\/247stiri.ro\/index.php\/wp-json\/wp\/v2\/posts\/49018\/revisions"}],"wp:featuredmedia":[{"embeddable":true,"href":"https:\/\/247stiri.ro\/index.php\/wp-json\/wp\/v2\/media\/49007"}],"wp:attachment":[{"href":"https:\/\/247stiri.ro\/index.php\/wp-json\/wp\/v2\/media?parent=49018"}],"wp:term":[{"taxonomy":"category","embeddable":true,"href":"https:\/\/247stiri.ro\/index.php\/wp-json\/wp\/v2\/categories?post=49018"},{"taxonomy":"post_tag","embeddable":true,"href":"https:\/\/247stiri.ro\/index.php\/wp-json\/wp\/v2\/tags?post=49018"}],"curies":[{"name":"wp","href":"https:\/\/api.w.org\/{rel}","templated":true}]}}